{"id":5005,"date":"2026-01-20T13:56:03","date_gmt":"2026-01-20T13:56:03","guid":{"rendered":"https:\/\/www.foodsovereignty.org\/?p=5005"},"modified":"2026-01-20T14:48:22","modified_gmt":"2026-01-20T14:48:22","slug":"les-mouvements-sociaux-mondiaux-se-mobilisent-autour-de-la-ciradr20-alors-que-sintensifient-les-luttes-pour-la-terre-les-ressources-et-les-territoires","status":"publish","type":"post","link":"https:\/\/www.foodsovereignty.org\/fr\/les-mouvements-sociaux-mondiaux-se-mobilisent-autour-de-la-ciradr20-alors-que-sintensifient-les-luttes-pour-la-terre-les-ressources-et-les-territoires\/","title":{"rendered":"Les mouvements sociaux mondiaux se mobilisent autour de la CIRADR+20 alors que s&rsquo;intensifient les luttes pour la terre, les biens communs naturels et les territoires"},"content":{"rendered":"<p>Alors que les conflits g\u00e9opolitiques s&rsquo;intensifient et que le contr\u00f4le des entreprises sur les terres, les territoires et les biens communs naturels s&rsquo;accentue, les mouvements sociaux et les Peuples Autochtones du monde entier se mobilisent autour de <a href=\"https:\/\/www.minagricultura.gov.co\/noticias\/Paginas\/Nos-juntamos-para-para-prepararnos-para-la-Segunda-Conferencia-Internacional-y-construir-el-Plan-Decenal-de-Reforma-Agraria.aspx\" target=\"_blank\" rel=\"noopener\"><strong>la deux<\/strong><strong>i\u00e8me Conf\u00e9rence internationale sur la r\u00e9forme agraire et le d\u00e9veloppement rural (CIRADR+20)<\/strong><\/a>, organis\u00e9e par le gouvernement de la R\u00e9publique de Colombie et qui se tiendra \u00e0 Carthag\u00e8ne, en Colombie, du 24 au 28 f\u00e9vrier 2026.<\/p>\n<p>De la Palestine au Venezuela, de Cuba \u00e0 l&rsquo;Arctique, une nouvelle ru\u00e9e imp\u00e9rialiste vers les territoires, les min\u00e9raux, l&rsquo;eau et l&rsquo;\u00e9nergie est en cours. Les investissements financiers, l&rsquo;occupation militaire, les blocages \u00e9conomiques et les projets dits de s\u00e9curit\u00e9, de d\u00e9veloppement et de transition verte sont de plus en plus utilis\u00e9s par les gouvernements, les entreprises et les \u00e9lites pour d\u00e9poss\u00e9der les peuples et s&#8217;emparer du pouvoir sur les ressources strat\u00e9giques. En cons\u00e9quence, le monde assiste \u00e0 une concentration croissante des terres, \u00e0 la spoliation des territoires, des biens communs naturels, ainsi qu&rsquo;\u00e0 une in\u00e9galit\u00e9 croissante. En tant que mouvements sociaux mondiaux de petits producteurs alimentaires, nous sommes d\u00e9termin\u00e9s \u00e0 nous unir \u00e0 Carthag\u00e8ne pour d\u00e9noncer l&rsquo;impact direct de ces luttes de pouvoir mondiales sur les communaut\u00e9s rurales et urbaines de la classe ouvri\u00e8re et pour lutter en faveur de politiques publiques qui respectent nos droits et notre autonomie.<\/p>\n<p>En raison de cette expansion capitaliste et imp\u00e9rialiste, le syst\u00e8me alimentaire mondial est \u00e9galement en crise profonde. Il s&rsquo;effondre sous le poids de la crise climatique, des monocultures industrielles et des in\u00e9galit\u00e9s extr\u00eames. Nous, paysans, Peuples Autochtones et petits producteurs alimentaires qui nourrissons la majeure partie du monde et prot\u00e9geons les \u00e9cosyst\u00e8mes, sommes confront\u00e9s \u00e0 une nouvelle vague de d\u00e9possession aliment\u00e9e par la militarisation, les grandes technologies, le crime organis\u00e9 et la commercialisation de l&rsquo;action climatique.<\/p>\n<p>Nous, repr\u00e9sentants de mouvements sociaux de plus de 70 pays, organis\u00e9s au sein du <em>Comit\u00e9 international de planification pour la souverainet\u00e9 alimentaire (CIP)<\/em> et participant \u00e0 la CIRADR+20 dans le cadre du Programme d&rsquo;action politique commun issu du 3e Forum mondial Ny\u00e9l\u00e9ni, appelons l&rsquo;Organisation des Nations unies pour l&rsquo;alimentation et l&rsquo;agriculture (FAO) et le Comit\u00e9 de la s\u00e9curit\u00e9 alimentaire mondiale (CSA) \u00e0 mettre en place des m\u00e9canismes d&rsquo;\u00e9valuation solides, participatifs et r\u00e9guliers pour suivre la mise en \u0153uvre des Directives volontaires pour une gouvernance responsable des r\u00e9gimes fonciers (VGGT). La D\u00e9claration des Nations unies sur les droits des paysans et autres personnes travaillant dans les zones rurales (UNDROP) et la D\u00e9claration des Nations unies sur les droits des peuples autochtones (UNDRIP) doivent \u00eatre les piliers centraux de r\u00e9formes agraires globales, guidant les \u00c9tats dans la protection des droits collectifs, la garantie de la participation, le respect du consentement libre, pr\u00e9alable et \u00e9clair\u00e9, et la d\u00e9fense des territoires contre la expropriation.<\/p>\n<p><strong>La CIRADR+20, qui se tiendra du 24 au 28 f\u00e9vrier 2026<\/strong>, intervient vingt ans apr\u00e8s la premi\u00e8re conf\u00e9rence \u00e0 Porto Alegre. Au cours des d\u00e9cennies qui se sont \u00e9coul\u00e9es depuis, la concentration fonci\u00e8re s&rsquo;est intensifi\u00e9e et de nouvelles formes d&rsquo;accaparement des terres et de l&rsquo;eau se sont d\u00e9velopp\u00e9es. En tant que mouvements sociaux, nous insistons pour que la conf\u00e9rence aille au-del\u00e0 des recommandations techniques et des engagements volontaires.<\/p>\n<p><strong>Nous appelons \u00e0 une r\u00e9forme agraire integrale fond\u00e9e sur quatre piliers<\/strong>: la reconnaissance des droits coutumiers et des droits des Peuples Autochtones sur les terres, les territoires et l&rsquo;eau; la redistribution des terres et des biens communs naturels, y compris la limitation de l&rsquo;accumulation par les entreprises et l&rsquo;arm\u00e9e; la restitution aux communaut\u00e9s d\u00e9poss\u00e9d\u00e9es par l&rsquo;accaparement des terres, le colonialisme, l&rsquo;occupation et les conflits; et une r\u00e9glementation stricte des march\u00e9s fonciers afin de prot\u00e9ger les territoires producteurs de denr\u00e9es alimentaires contre les utilisations extractives, sp\u00e9culatives et militaires.<\/p>\n<p>Une r\u00e9forme agraire integrale est essentielle \u00e0 la d\u00e9mocratie, \u00e0 la paix et \u00e0 la justice climatique. Toute r\u00e9forme agraire integrale doit mettre l&rsquo;accent sur l&rsquo;\u00e9galit\u00e9 des droits fonciers des femmes, garantir un avenir digne aux jeunes ruraux et reconna\u00eetre les droits, la s\u00e9curit\u00e9 et l&rsquo;appartenance des personnes de diverses orientations sexuelles et identit\u00e9s de genre dans les territoires ruraux. Sans engagements politiques et sans m\u00e9canismes efficaces de surveillance et de coop\u00e9ration \u00e0 l&rsquo;\u00e9chelle mondiale, l&rsquo;accaparement des terres prendra simplement de nouvelles formes.<\/p>\n<p>Notre lutte pour la r\u00e9forme agraire est aujourd&rsquo;hui indissociable de notre combat contre l&rsquo;imp\u00e9rialisme, l&rsquo;autoritarisme et l&rsquo;effondrement \u00e9cologique. La conf\u00e9rence CIRADR+20 est un moment crucial pour intensifier nos efforts communs visant \u00e0 r\u00e9cup\u00e9rer les terres et les territoires, \u00e0 restaurer la dignit\u00e9 des populations rurales, \u00e0 instaurer la souverainet\u00e9 alimentaire et \u00e0 d\u00e9fendre les fondements m\u00eames de la vie. En tant que groupe de travail du CIP sur les terres, les for\u00eats, l&rsquo;eau et les territoires, nous organiserons un <strong>forum des mouvements sociaux et des Peuples Autochtones les 22 et 23 f\u00e9vrier<\/strong> afin de pr\u00e9parer nos propositions collectives pour la conf\u00e9rence.<\/p>\n<p>&nbsp;<\/p>\n<h4><strong>D\u00e9fendons la vie, construisons la souverainet\u00e9 alimentaire!<\/strong><\/h4>\n<h4><strong>Contr\u00f4le populaire sur les terres, l&rsquo;eau et les territoires, MAINTENANT! <\/strong><\/h4>\n<p>&nbsp;<\/p>\n<h3><strong>INFORMATIONS SUPPL\u00c9MENTAIRES POUR LA PRESSE<\/strong><\/h3>\n<ul>\n<li>Liste des mouvements sociaux mondiaux: LVC, CITI, WFFP, WFF, WAMIP, WMW, FIMARC, MIJARC, HIC, URGENCI<\/li>\n<li>Liste des mouvements sociaux r\u00e9gionaux: AFSA, CAOI, COPROFAM, ECMIA, MAELA, PROPAC, ROPPA, USFSA<\/li>\n<li>Dates cl\u00e9s\n<ul>\n<li>Forum des mouvements sociaux : 22-23 f\u00e9vrier 2026<\/li>\n<li>Forum acad\u00e9mique : 20-22 f\u00e9vrier 2026<\/li>\n<li>Conf\u00e9rence officielle ICARRD+20 : 24-28 f\u00e9vrier 2026<\/li>\n<li>Conf\u00e9rence de presse : \u00e0 confirmer (virtuelle ou \u00e0 Carthag\u00e8ne)<\/li>\n<\/ul>\n<\/li>\n<\/ul>\n<p>&nbsp;<\/p>\n<h5><strong>Demandes de renseignements de la presse<\/strong><\/h5>\n<p><strong>Contact<\/strong><\/p>\n<ul>\n<li>Viviana Rojas (LVC) &#8211; <a href=\"mailto:viviana.rojas@viacampesina.org\"><u>viviana.rojas@viacampesina.org<\/u><\/a><\/li>\n<li>Andrey Martinez (CLOC-LVC) &#8211; <a href=\"http:\/\/andreyviacampesina@gmail.com\"><u>andreyviacampesina@gmail.com<\/u><\/a><\/li>\n<li>Francesco Pani\u00e9 (Secr\u00e9tariat du CIP) \u2013 <a href=\"mailto:f.panie@croceviaterra.it\"><u>f.panie@croceviaterra.it<\/u><\/a><\/li>\n<\/ul>\n<p>&nbsp;<\/p>\n","protected":false},"excerpt":{"rendered":"<p>Alors que les conflits g\u00e9opolitiques s&rsquo;intensifient et que le contr\u00f4le des entreprises sur les terres, les territoires et les biens communs naturels s&rsquo;accentue, les mouvements sociaux et les Peuples Autochtones du monde entier se mobilisent autour de la deuxi\u00e8me Conf\u00e9rence internationale sur la r\u00e9forme agraire et le d\u00e9veloppement rural (CIRADR+20), organis\u00e9e par le gouvernement de [&hellip;]<\/p>\n","protected":false},"author":7,"featured_media":5006,"comment_status":"closed","ping_status":"closed","sticky":false,"template":"","format":"standard","meta":{"_acf_changed":false,"footnotes":""},"categories":[57],"tags":[428,427],"class_list":["post-5005","post","type-post","status-publish","format-standard","has-post-thumbnail","hentry","category-nouvelles","tag-ciradr20-fr","tag-icarrd20-fr","working_groups_tax-land-forests-water-and-territory"],"acf":[],"yoast_head":"<!-- This site is optimized with the Yoast SEO plugin v27.4 - https:\/\/yoast.com\/product\/yoast-seo-wordpress\/ -->\n<title>Les mouvements sociaux se mobilisent pour la CIRADR+20<\/title>\n<meta name=\"description\" content=\"La CIRADR+20, qui se tiendra du 24 au 28 f\u00e9vrier 2026, intervient vingt ans apr\u00e8s la premi\u00e8re conf\u00e9rence \u00e0 Porto Alegre\" \/>\n<meta name=\"robots\" content=\"index, follow, max-snippet:-1, max-image-preview:large, max-video-preview:-1\" \/>\n<link rel=\"canonical\" href=\"https:\/\/www.foodsovereignty.org\/fr\/les-mouvements-sociaux-mondiaux-se-mobilisent-autour-de-la-ciradr20-alors-que-sintensifient-les-luttes-pour-la-terre-les-ressources-et-les-territoires\/\" \/>\n<meta property=\"og:locale\" content=\"fr_FR\" \/>\n<meta property=\"og:type\" content=\"article\" \/>\n<meta property=\"og:title\" content=\"Les mouvements sociaux se mobilisent pour la CIRADR+20\" \/>\n<meta property=\"og:description\" content=\"La CIRADR+20, qui se tiendra du 24 au 28 f\u00e9vrier 2026, intervient vingt ans apr\u00e8s la premi\u00e8re conf\u00e9rence \u00e0 Porto Alegre\" \/>\n<meta property=\"og:url\" content=\"https:\/\/www.foodsovereignty.org\/fr\/les-mouvements-sociaux-mondiaux-se-mobilisent-autour-de-la-ciradr20-alors-que-sintensifient-les-luttes-pour-la-terre-les-ressources-et-les-territoires\/\" \/>\n<meta property=\"og:site_name\" content=\"International Planning Committee for Food Sovereignty (IPC)\" \/>\n<meta property=\"article:published_time\" content=\"2026-01-20T13:56:03+00:00\" \/>\n<meta property=\"article:modified_time\" content=\"2026-01-20T14:48:22+00:00\" \/>\n<meta property=\"og:image\" content=\"https:\/\/www.foodsovereignty.org\/wp-content\/uploads\/2026\/01\/4c.-CIRADR-PRENSA-FR.jpg\" \/>\n\t<meta property=\"og:image:width\" content=\"2125\" \/>\n\t<meta property=\"og:image:height\" content=\"1063\" \/>\n\t<meta property=\"og:image:type\" content=\"image\/jpeg\" \/>\n<meta name=\"author\" content=\"IPC comms\" \/>\n<meta name=\"twitter:card\" content=\"summary_large_image\" \/>\n<meta name=\"twitter:label1\" content=\"\u00c9crit par\" \/>\n\t<meta name=\"twitter:data1\" content=\"IPC comms\" \/>\n\t<meta name=\"twitter:label2\" content=\"Dur\u00e9e de lecture estim\u00e9e\" \/>\n\t<meta name=\"twitter:data2\" content=\"5 minutes\" \/>\n<script type=\"application\/ld+json\" class=\"yoast-schema-graph\">{\"@context\":\"https:\\\/\\\/schema.org\",\"@graph\":[{\"@type\":\"Article\",\"@id\":\"https:\\\/\\\/www.foodsovereignty.org\\\/fr\\\/les-mouvements-sociaux-mondiaux-se-mobilisent-autour-de-la-ciradr20-alors-que-sintensifient-les-luttes-pour-la-terre-les-ressources-et-les-territoires\\\/#article\",\"isPartOf\":{\"@id\":\"https:\\\/\\\/www.foodsovereignty.org\\\/fr\\\/les-mouvements-sociaux-mondiaux-se-mobilisent-autour-de-la-ciradr20-alors-que-sintensifient-les-luttes-pour-la-terre-les-ressources-et-les-territoires\\\/\"},\"author\":{\"name\":\"IPC comms\",\"@id\":\"https:\\\/\\\/www.foodsovereignty.org\\\/fr\\\/#\\\/schema\\\/person\\\/c5d86d7101c42543207204332399e87e\"},\"headline\":\"Les mouvements sociaux mondiaux se mobilisent autour de la CIRADR+20 alors que s&rsquo;intensifient les luttes pour la terre, les biens communs naturels et les territoires\",\"datePublished\":\"2026-01-20T13:56:03+00:00\",\"dateModified\":\"2026-01-20T14:48:22+00:00\",\"mainEntityOfPage\":{\"@id\":\"https:\\\/\\\/www.foodsovereignty.org\\\/fr\\\/les-mouvements-sociaux-mondiaux-se-mobilisent-autour-de-la-ciradr20-alors-que-sintensifient-les-luttes-pour-la-terre-les-ressources-et-les-territoires\\\/\"},\"wordCount\":1043,\"image\":{\"@id\":\"https:\\\/\\\/www.foodsovereignty.org\\\/fr\\\/les-mouvements-sociaux-mondiaux-se-mobilisent-autour-de-la-ciradr20-alors-que-sintensifient-les-luttes-pour-la-terre-les-ressources-et-les-territoires\\\/#primaryimage\"},\"thumbnailUrl\":\"https:\\\/\\\/www.foodsovereignty.org\\\/wp-content\\\/uploads\\\/2026\\\/01\\\/4c.-CIRADR-PRENSA-FR.jpg\",\"keywords\":[\"CIRADR+20\",\"ICARRD+20\"],\"articleSection\":[\"Nouvelles\"],\"inLanguage\":\"fr-FR\"},{\"@type\":\"WebPage\",\"@id\":\"https:\\\/\\\/www.foodsovereignty.org\\\/fr\\\/les-mouvements-sociaux-mondiaux-se-mobilisent-autour-de-la-ciradr20-alors-que-sintensifient-les-luttes-pour-la-terre-les-ressources-et-les-territoires\\\/\",\"url\":\"https:\\\/\\\/www.foodsovereignty.org\\\/fr\\\/les-mouvements-sociaux-mondiaux-se-mobilisent-autour-de-la-ciradr20-alors-que-sintensifient-les-luttes-pour-la-terre-les-ressources-et-les-territoires\\\/\",\"name\":\"Les mouvements sociaux se mobilisent pour la CIRADR+20\",\"isPartOf\":{\"@id\":\"https:\\\/\\\/www.foodsovereignty.org\\\/fr\\\/#website\"},\"primaryImageOfPage\":{\"@id\":\"https:\\\/\\\/www.foodsovereignty.org\\\/fr\\\/les-mouvements-sociaux-mondiaux-se-mobilisent-autour-de-la-ciradr20-alors-que-sintensifient-les-luttes-pour-la-terre-les-ressources-et-les-territoires\\\/#primaryimage\"},\"image\":{\"@id\":\"https:\\\/\\\/www.foodsovereignty.org\\\/fr\\\/les-mouvements-sociaux-mondiaux-se-mobilisent-autour-de-la-ciradr20-alors-que-sintensifient-les-luttes-pour-la-terre-les-ressources-et-les-territoires\\\/#primaryimage\"},\"thumbnailUrl\":\"https:\\\/\\\/www.foodsovereignty.org\\\/wp-content\\\/uploads\\\/2026\\\/01\\\/4c.-CIRADR-PRENSA-FR.jpg\",\"datePublished\":\"2026-01-20T13:56:03+00:00\",\"dateModified\":\"2026-01-20T14:48:22+00:00\",\"author\":{\"@id\":\"https:\\\/\\\/www.foodsovereignty.org\\\/fr\\\/#\\\/schema\\\/person\\\/c5d86d7101c42543207204332399e87e\"},\"description\":\"La CIRADR+20, qui se tiendra du 24 au 28 f\u00e9vrier 2026, intervient vingt ans apr\u00e8s la premi\u00e8re conf\u00e9rence \u00e0 Porto Alegre\",\"breadcrumb\":{\"@id\":\"https:\\\/\\\/www.foodsovereignty.org\\\/fr\\\/les-mouvements-sociaux-mondiaux-se-mobilisent-autour-de-la-ciradr20-alors-que-sintensifient-les-luttes-pour-la-terre-les-ressources-et-les-territoires\\\/#breadcrumb\"},\"inLanguage\":\"fr-FR\",\"potentialAction\":[{\"@type\":\"ReadAction\",\"target\":[\"https:\\\/\\\/www.foodsovereignty.org\\\/fr\\\/les-mouvements-sociaux-mondiaux-se-mobilisent-autour-de-la-ciradr20-alors-que-sintensifient-les-luttes-pour-la-terre-les-ressources-et-les-territoires\\\/\"]}]},{\"@type\":\"ImageObject\",\"inLanguage\":\"fr-FR\",\"@id\":\"https:\\\/\\\/www.foodsovereignty.org\\\/fr\\\/les-mouvements-sociaux-mondiaux-se-mobilisent-autour-de-la-ciradr20-alors-que-sintensifient-les-luttes-pour-la-terre-les-ressources-et-les-territoires\\\/#primaryimage\",\"url\":\"https:\\\/\\\/www.foodsovereignty.org\\\/wp-content\\\/uploads\\\/2026\\\/01\\\/4c.-CIRADR-PRENSA-FR.jpg\",\"contentUrl\":\"https:\\\/\\\/www.foodsovereignty.org\\\/wp-content\\\/uploads\\\/2026\\\/01\\\/4c.-CIRADR-PRENSA-FR.jpg\",\"width\":2125,\"height\":1063},{\"@type\":\"BreadcrumbList\",\"@id\":\"https:\\\/\\\/www.foodsovereignty.org\\\/fr\\\/les-mouvements-sociaux-mondiaux-se-mobilisent-autour-de-la-ciradr20-alors-que-sintensifient-les-luttes-pour-la-terre-les-ressources-et-les-territoires\\\/#breadcrumb\",\"itemListElement\":[{\"@type\":\"ListItem\",\"position\":1,\"name\":\"Home\",\"item\":\"https:\\\/\\\/www.foodsovereignty.org\\\/fr\\\/\"},{\"@type\":\"ListItem\",\"position\":2,\"name\":\"Les mouvements sociaux mondiaux se mobilisent autour de la CIRADR+20 alors que s&#8217;intensifient les luttes pour la terre, les biens communs naturels et les territoires\"}]},{\"@type\":\"WebSite\",\"@id\":\"https:\\\/\\\/www.foodsovereignty.org\\\/fr\\\/#website\",\"url\":\"https:\\\/\\\/www.foodsovereignty.org\\\/fr\\\/\",\"name\":\"International Planning Committee for Food Sovereignty (IPC)\",\"description\":\"\",\"potentialAction\":[{\"@type\":\"SearchAction\",\"target\":{\"@type\":\"EntryPoint\",\"urlTemplate\":\"https:\\\/\\\/www.foodsovereignty.org\\\/fr\\\/?s={search_term_string}\"},\"query-input\":{\"@type\":\"PropertyValueSpecification\",\"valueRequired\":true,\"valueName\":\"search_term_string\"}}],\"inLanguage\":\"fr-FR\"},{\"@type\":\"Person\",\"@id\":\"https:\\\/\\\/www.foodsovereignty.org\\\/fr\\\/#\\\/schema\\\/person\\\/c5d86d7101c42543207204332399e87e\",\"name\":\"IPC comms\",\"image\":{\"@type\":\"ImageObject\",\"inLanguage\":\"fr-FR\",\"@id\":\"https:\\\/\\\/secure.gravatar.com\\\/avatar\\\/383f0d7b56f08da80de57d5d3281a5757594759261b9b8cdeb29616624681e03?s=96&d=mm&r=g\",\"url\":\"https:\\\/\\\/secure.gravatar.com\\\/avatar\\\/383f0d7b56f08da80de57d5d3281a5757594759261b9b8cdeb29616624681e03?s=96&d=mm&r=g\",\"contentUrl\":\"https:\\\/\\\/secure.gravatar.com\\\/avatar\\\/383f0d7b56f08da80de57d5d3281a5757594759261b9b8cdeb29616624681e03?s=96&d=mm&r=g\",\"caption\":\"IPC comms\"},\"url\":\"https:\\\/\\\/www.foodsovereignty.org\\\/fr\\\/author\\\/ipc-comms\\\/\"}]}<\/script>\n<!-- \/ Yoast SEO plugin. -->","yoast_head_json":{"title":"Les mouvements sociaux se mobilisent pour la CIRADR+20","description":"La CIRADR+20, qui se tiendra du 24 au 28 f\u00e9vrier 2026, intervient vingt ans apr\u00e8s la premi\u00e8re conf\u00e9rence \u00e0 Porto Alegre","robots":{"index":"index","follow":"follow","max-snippet":"max-snippet:-1","max-image-preview":"max-image-preview:large","max-video-preview":"max-video-preview:-1"},"canonical":"https:\/\/www.foodsovereignty.org\/fr\/les-mouvements-sociaux-mondiaux-se-mobilisent-autour-de-la-ciradr20-alors-que-sintensifient-les-luttes-pour-la-terre-les-ressources-et-les-territoires\/","og_locale":"fr_FR","og_type":"article","og_title":"Les mouvements sociaux se mobilisent pour la CIRADR+20","og_description":"La CIRADR+20, qui se tiendra du 24 au 28 f\u00e9vrier 2026, intervient vingt ans apr\u00e8s la premi\u00e8re conf\u00e9rence \u00e0 Porto Alegre","og_url":"https:\/\/www.foodsovereignty.org\/fr\/les-mouvements-sociaux-mondiaux-se-mobilisent-autour-de-la-ciradr20-alors-que-sintensifient-les-luttes-pour-la-terre-les-ressources-et-les-territoires\/","og_site_name":"International Planning Committee for Food Sovereignty (IPC)","article_published_time":"2026-01-20T13:56:03+00:00","article_modified_time":"2026-01-20T14:48:22+00:00","og_image":[{"width":2125,"height":1063,"url":"https:\/\/www.foodsovereignty.org\/wp-content\/uploads\/2026\/01\/4c.-CIRADR-PRENSA-FR.jpg","type":"image\/jpeg"}],"author":"IPC comms","twitter_card":"summary_large_image","twitter_misc":{"\u00c9crit par":"IPC comms","Dur\u00e9e de lecture estim\u00e9e":"5 minutes"},"schema":{"@context":"https:\/\/schema.org","@graph":[{"@type":"Article","@id":"https:\/\/www.foodsovereignty.org\/fr\/les-mouvements-sociaux-mondiaux-se-mobilisent-autour-de-la-ciradr20-alors-que-sintensifient-les-luttes-pour-la-terre-les-ressources-et-les-territoires\/#article","isPartOf":{"@id":"https:\/\/www.foodsovereignty.org\/fr\/les-mouvements-sociaux-mondiaux-se-mobilisent-autour-de-la-ciradr20-alors-que-sintensifient-les-luttes-pour-la-terre-les-ressources-et-les-territoires\/"},"author":{"name":"IPC comms","@id":"https:\/\/www.foodsovereignty.org\/fr\/#\/schema\/person\/c5d86d7101c42543207204332399e87e"},"headline":"Les mouvements sociaux mondiaux se mobilisent autour de la CIRADR+20 alors que s&rsquo;intensifient les luttes pour la terre, les biens communs naturels et les territoires","datePublished":"2026-01-20T13:56:03+00:00","dateModified":"2026-01-20T14:48:22+00:00","mainEntityOfPage":{"@id":"https:\/\/www.foodsovereignty.org\/fr\/les-mouvements-sociaux-mondiaux-se-mobilisent-autour-de-la-ciradr20-alors-que-sintensifient-les-luttes-pour-la-terre-les-ressources-et-les-territoires\/"},"wordCount":1043,"image":{"@id":"https:\/\/www.foodsovereignty.org\/fr\/les-mouvements-sociaux-mondiaux-se-mobilisent-autour-de-la-ciradr20-alors-que-sintensifient-les-luttes-pour-la-terre-les-ressources-et-les-territoires\/#primaryimage"},"thumbnailUrl":"https:\/\/www.foodsovereignty.org\/wp-content\/uploads\/2026\/01\/4c.-CIRADR-PRENSA-FR.jpg","keywords":["CIRADR+20","ICARRD+20"],"articleSection":["Nouvelles"],"inLanguage":"fr-FR"},{"@type":"WebPage","@id":"https:\/\/www.foodsovereignty.org\/fr\/les-mouvements-sociaux-mondiaux-se-mobilisent-autour-de-la-ciradr20-alors-que-sintensifient-les-luttes-pour-la-terre-les-ressources-et-les-territoires\/","url":"https:\/\/www.foodsovereignty.org\/fr\/les-mouvements-sociaux-mondiaux-se-mobilisent-autour-de-la-ciradr20-alors-que-sintensifient-les-luttes-pour-la-terre-les-ressources-et-les-territoires\/","name":"Les mouvements sociaux se mobilisent pour la CIRADR+20","isPartOf":{"@id":"https:\/\/www.foodsovereignty.org\/fr\/#website"},"primaryImageOfPage":{"@id":"https:\/\/www.foodsovereignty.org\/fr\/les-mouvements-sociaux-mondiaux-se-mobilisent-autour-de-la-ciradr20-alors-que-sintensifient-les-luttes-pour-la-terre-les-ressources-et-les-territoires\/#primaryimage"},"image":{"@id":"https:\/\/www.foodsovereignty.org\/fr\/les-mouvements-sociaux-mondiaux-se-mobilisent-autour-de-la-ciradr20-alors-que-sintensifient-les-luttes-pour-la-terre-les-ressources-et-les-territoires\/#primaryimage"},"thumbnailUrl":"https:\/\/www.foodsovereignty.org\/wp-content\/uploads\/2026\/01\/4c.-CIRADR-PRENSA-FR.jpg","datePublished":"2026-01-20T13:56:03+00:00","dateModified":"2026-01-20T14:48:22+00:00","author":{"@id":"https:\/\/www.foodsovereignty.org\/fr\/#\/schema\/person\/c5d86d7101c42543207204332399e87e"},"description":"La CIRADR+20, qui se tiendra du 24 au 28 f\u00e9vrier 2026, intervient vingt ans apr\u00e8s la premi\u00e8re conf\u00e9rence \u00e0 Porto Alegre","breadcrumb":{"@id":"https:\/\/www.foodsovereignty.org\/fr\/les-mouvements-sociaux-mondiaux-se-mobilisent-autour-de-la-ciradr20-alors-que-sintensifient-les-luttes-pour-la-terre-les-ressources-et-les-territoires\/#breadcrumb"},"inLanguage":"fr-FR","potentialAction":[{"@type":"ReadAction","target":["https:\/\/www.foodsovereignty.org\/fr\/les-mouvements-sociaux-mondiaux-se-mobilisent-autour-de-la-ciradr20-alors-que-sintensifient-les-luttes-pour-la-terre-les-ressources-et-les-territoires\/"]}]},{"@type":"ImageObject","inLanguage":"fr-FR","@id":"https:\/\/www.foodsovereignty.org\/fr\/les-mouvements-sociaux-mondiaux-se-mobilisent-autour-de-la-ciradr20-alors-que-sintensifient-les-luttes-pour-la-terre-les-ressources-et-les-territoires\/#primaryimage","url":"https:\/\/www.foodsovereignty.org\/wp-content\/uploads\/2026\/01\/4c.-CIRADR-PRENSA-FR.jpg","contentUrl":"https:\/\/www.foodsovereignty.org\/wp-content\/uploads\/2026\/01\/4c.-CIRADR-PRENSA-FR.jpg","width":2125,"height":1063},{"@type":"BreadcrumbList","@id":"https:\/\/www.foodsovereignty.org\/fr\/les-mouvements-sociaux-mondiaux-se-mobilisent-autour-de-la-ciradr20-alors-que-sintensifient-les-luttes-pour-la-terre-les-ressources-et-les-territoires\/#breadcrumb","itemListElement":[{"@type":"ListItem","position":1,"name":"Home","item":"https:\/\/www.foodsovereignty.org\/fr\/"},{"@type":"ListItem","position":2,"name":"Les mouvements sociaux mondiaux se mobilisent autour de la CIRADR+20 alors que s&#8217;intensifient les luttes pour la terre, les biens communs naturels et les territoires"}]},{"@type":"WebSite","@id":"https:\/\/www.foodsovereignty.org\/fr\/#website","url":"https:\/\/www.foodsovereignty.org\/fr\/","name":"International Planning Committee for Food Sovereignty (IPC)","description":"","potentialAction":[{"@type":"SearchAction","target":{"@type":"EntryPoint","urlTemplate":"https:\/\/www.foodsovereignty.org\/fr\/?s={search_term_string}"},"query-input":{"@type":"PropertyValueSpecification","valueRequired":true,"valueName":"search_term_string"}}],"inLanguage":"fr-FR"},{"@type":"Person","@id":"https:\/\/www.foodsovereignty.org\/fr\/#\/schema\/person\/c5d86d7101c42543207204332399e87e","name":"IPC comms","image":{"@type":"ImageObject","inLanguage":"fr-FR","@id":"https:\/\/secure.gravatar.com\/avatar\/383f0d7b56f08da80de57d5d3281a5757594759261b9b8cdeb29616624681e03?s=96&d=mm&r=g","url":"https:\/\/secure.gravatar.com\/avatar\/383f0d7b56f08da80de57d5d3281a5757594759261b9b8cdeb29616624681e03?s=96&d=mm&r=g","contentUrl":"https:\/\/secure.gravatar.com\/avatar\/383f0d7b56f08da80de57d5d3281a5757594759261b9b8cdeb29616624681e03?s=96&d=mm&r=g","caption":"IPC comms"},"url":"https:\/\/www.foodsovereignty.org\/fr\/author\/ipc-comms\/"}]}},"_links":{"self":[{"href":"https:\/\/www.foodsovereignty.org\/fr\/wp-json\/wp\/v2\/posts\/5005","targetHints":{"allow":["GET"]}}],"collection":[{"href":"https:\/\/www.foodsovereignty.org\/fr\/wp-json\/wp\/v2\/posts"}],"about":[{"href":"https:\/\/www.foodsovereignty.org\/fr\/wp-json\/wp\/v2\/types\/post"}],"author":[{"embeddable":true,"href":"https:\/\/www.foodsovereignty.org\/fr\/wp-json\/wp\/v2\/users\/7"}],"replies":[{"embeddable":true,"href":"https:\/\/www.foodsovereignty.org\/fr\/wp-json\/wp\/v2\/comments?post=5005"}],"version-history":[{"count":4,"href":"https:\/\/www.foodsovereignty.org\/fr\/wp-json\/wp\/v2\/posts\/5005\/revisions"}],"predecessor-version":[{"id":5022,"href":"https:\/\/www.foodsovereignty.org\/fr\/wp-json\/wp\/v2\/posts\/5005\/revisions\/5022"}],"wp:featuredmedia":[{"embeddable":true,"href":"https:\/\/www.foodsovereignty.org\/fr\/wp-json\/wp\/v2\/media\/5006"}],"wp:attachment":[{"href":"https:\/\/www.foodsovereignty.org\/fr\/wp-json\/wp\/v2\/media?parent=5005"}],"wp:term":[{"taxonomy":"category","embeddable":true,"href":"https:\/\/www.foodsovereignty.org\/fr\/wp-json\/wp\/v2\/categories?post=5005"},{"taxonomy":"post_tag","embeddable":true,"href":"https:\/\/www.foodsovereignty.org\/fr\/wp-json\/wp\/v2\/tags?post=5005"}],"curies":[{"name":"wp","href":"https:\/\/api.w.org\/{rel}","templated":true}]}}