{"id":5088,"date":"2026-02-21T16:08:25","date_gmt":"2026-02-21T16:08:25","guid":{"rendered":"https:\/\/www.foodsovereignty.org\/?p=5088"},"modified":"2026-03-01T02:02:51","modified_gmt":"2026-03-01T02:02:51","slug":"notre-journal-de-la-ciradr20-et-du-forum-des-peuples-et-des-mouvements-sociaux","status":"publish","type":"post","link":"https:\/\/www.foodsovereignty.org\/fr\/notre-journal-de-la-ciradr20-et-du-forum-des-peuples-et-des-mouvements-sociaux\/","title":{"rendered":"Notre journal de la CIRADR+20 et du Forum des Peuples et des Mouvements Sociaux"},"content":{"rendered":"<h6>28 f\u00e9vrier<\/h6>\n<p>&nbsp;<\/p>\n<h4><strong>CIRADR+20: Dernier jour<\/strong><\/h4>\n<p>&nbsp;<\/p>\n<p>Ce fut une coupe am\u00e8re \u00e0 avaler. Pas seulement celle que nous avons bue ce matin dans la salle \u00e0 manger de l\u2019h\u00f4tel, mais aussi \u2013 et plus m\u00e9taphoriquement \u2013 celle servie aux Peuples Autochtones et aux mouvements sociaux par les gouvernements le dernier jour de cette <strong>Conf\u00e9rence internationale sur la r\u00e9forme agraire et le d\u00e9veloppement rural (CIRADR+20)<\/strong>. La <a href=\"https:\/\/www.foodsovereignty.org\/wp-content\/uploads\/2026\/02\/DECLARACION-GOBIERNOS.pdf\"><strong>d\u00e9claration finale<\/strong><\/a> \u00e9tait assez faible en termes de terminologie et d\u2019actions, et apr\u00e8s une r\u00e9union d\u2019urgence tenue la veille au soir, le CIP a d\u00e9cid\u00e9 de la rejeter.<\/p>\n<p>Le langage concernant les Peuples Autochtones \u00e9tait trop faible et m\u00eame dangereux, les pla\u00e7ant \u00e0 c\u00f4t\u00e9 du concept glissant de \u00ab communaut\u00e9s locales \u00bb. En droit international, les Peuples Autochtones d\u00e9tiennent des droits collectifs distincts \u2013y compris le droit \u00e0 l\u2019autod\u00e9termination, \u00e0 la terre, aux territoires et aux ressources\u2013 reconnus dans des instruments tels que la UNDROP, fond\u00e9s sur leur existence pr\u00e9coloniale et leur statut juridique sp\u00e9cifique. Le terme \u00ab communaut\u00e9s locales \u00bb n\u2019a pas de statut \u00e9quivalent, clairement d\u00e9fini, en droit international et ne porte pas les m\u00eames droits collectifs ni les m\u00eames fondements historiques. <strong>Assimiler les Peuples Autochtones aux \u00ab communaut\u00e9s locales \u00bb risque de diluer ou de saper leurs droits l\u00e9galement reconnus<\/strong> en effa\u00e7ant ce statut distinct et en abaissant les normes de protection \u00e9tablies.<\/p>\n<p>C\u2019\u00e9tait inacceptable pour les organisations mondiales et r\u00e9gionales repr\u00e9sent\u00e9es par le CIP. Et alors, m\u00eame si nous avons exprim\u00e9 des paroles de gratitude aux gouvernements de la Colombie et du Br\u00e9sil pour avoir remis la r\u00e9forme agraire \u00e0 l\u2019ordre du jour international, nous avons dit: <strong>nous ne pouvons pas accepter la d\u00e9claration<\/strong>, et <strong>nous pr\u00e9sentons <a href=\"https:\/\/www.foodsovereignty.org\/fr\/fripc-press-release-icarrd20\/\">notre propre<\/a><\/strong>.<\/p>\n<div class=\"media media-iframe\"><iframe loading=\"lazy\" title=\"IPC final political declaration | ICARRD+20\" width=\"500\" height=\"281\" src=\"https:\/\/www.youtube.com\/embed\/dR67Z4DuryI?feature=oembed\" frameborder=\"0\" allow=\"accelerometer; autoplay; clipboard-write; encrypted-media; gyroscope; picture-in-picture; web-share\" referrerpolicy=\"strict-origin-when-cross-origin\" allowfullscreen><\/iframe><\/div>\n<p>Non pas parce que nous rejetons le dialogue. Au contraire, nous l\u2019exigeons. Un dialogue de bonne foi sur les droits des Peuples Autochtones, sur les droits des peuples p\u00eacheurs et des pasteurs, sur les droits des femmes et la justice de genre, sur l\u2019agro\u00e9cologie comme mode de vie, et non comme solution technique.<\/p>\n<p>Nous avons r\u00e9affirm\u00e9 les quatre piliers qui doivent guider une v\u00e9ritable r\u00e9forme: <strong>Redistribution, Reconnaissance, Restitution, R\u00e9gulation<\/strong>. Ensemble, ils forment l\u2019\u00e9pine dorsale d\u2019une r\u00e9forme agraire du XXIe si\u00e8cle enracin\u00e9e dans la souverainet\u00e9 alimentaire. L\u2019agro\u00e9cologie n\u2019est pas une ligne de projet ; c\u2019est notre relation \u00e0 la Terre M\u00e8re, les uns aux autres et aux g\u00e9n\u00e9rations futures.<\/p>\n<p>Ce soir, alors que les lumi\u00e8res de la conf\u00e9rence s\u2019\u00e9teignent, nous ne sommes pas vaincus. Nous sommes organis\u00e9s.<\/p>\n<p><strong>Plus de 6000 organisations et 300 millions de petits producteurs alimentaires s\u2019organisent \u00e0 travers le CIP<\/strong>. Nous portons les six piliers de la souverainet\u00e9 alimentaire n\u00e9s \u00e0 Nyeleni. Nous portons les luttes des villages, des c\u00f4tes, des montagnes et des plaines. Notre l\u00e9gitimit\u00e9 ne se mesure pas aux applaudissements diplomatiques mais \u00e0 la r\u00e9sistance quotidienne de nos communaut\u00e9s.<\/p>\n<p>Demain, nous rentrons chez nous.<\/p>\n<p>Chez nous, aux assembl\u00e9es sous les arbres, aux bateaux de p\u00eache \u00e0 l\u2019aube, aux troupeaux traversant des routes ancestrales. Chez nous pour organiser, \u00e9duquer, r\u00e9sister. La r\u00e9forme agraire, la souverainet\u00e9 alimentaire et la justice sociale et environnementale ne seront pas accord\u00e9es depuis les tribunes des conf\u00e9rences. Elles seront sem\u00e9es, d\u00e9fendues et conquises.<\/p>\n<h6><\/h6>\n<hr \/>\n<p>&nbsp;<\/p>\n<h6><\/h6>\n<h6>27 f\u00e9vrier<\/h6>\n<p>&nbsp;<\/p>\n<h4><strong>CIRADR+20: Jour 4<\/strong><\/h4>\n<h6><\/h6>\n<p>En marge du CIRADR20 \u00e0 Cartagena, deux \u00e9v\u00e9nements parall\u00e8les organis\u00e9s par le CIP et La Via Campesina ont cr\u00e9\u00e9 un espace permettant aux mouvements sociaux de faire avancer des propositions concr\u00e8tes pour une r\u00e9forme agraire populaire et mondiale.<\/p>\n<p>Les participants ont soulign\u00e9 que la <strong>r\u00e9forme agraire doit aller au-del\u00e0 de la redistribution des terres pour aborder les territoires, les eaux, les for\u00eats et les droits collectifs<\/strong>. Les paysans, les Peuples autochtones, les p\u00eacheurs artisanaux, les pasteurs, les communaut\u00e9s afro-descendantes et les mouvements de femmes ont appel\u00e9 \u00e0 des politiques qui d\u00e9fendent l\u2019autonomie et limitent le contr\u00f4le des entreprises sur les syst\u00e8mes alimentaires.<\/p>\n<p>Les discussions ont mis en \u00e9vidence les <strong>limites des cadres de propri\u00e9t\u00e9 priv\u00e9e et la n\u00e9cessit\u00e9 de reconna\u00eetre la tenure communautaire et la diversit\u00e9 des syst\u00e8mes de gouvernance<\/strong>. Une fois de plus, les intervenants ont d\u00e9nonc\u00e9 les d\u00e9placements, la militarisation, l\u2019accaparement des terres, la d\u00e9gradation environnementale et la criminalisation des communaut\u00e9s rurales.<\/p>\n<p>Des appels forts ont \u00e9t\u00e9 lanc\u00e9s en faveur de la souverainet\u00e9 alimentaire, de l\u2019agro\u00e9cologie, de la justice environnementale et de la d\u00e9colonisation des syst\u00e8mes alimentaires. Les perspectives f\u00e9ministes ont soulign\u00e9 les droits des femmes \u00e0 la terre, au pouvoir d\u00e9cisionnel, \u00e0 la reconnaissance et \u00e0 des r\u00e9parations pour les injustices historiques.<\/p>\n<p>Les participants ont \u00e9galement exig\u00e9 des responsabilit\u00e9s pour les expulsions forc\u00e9es et des mesures r\u00e9paratrices pour les communaut\u00e9s d\u00e9poss\u00e9d\u00e9es de leurs territoires. Tout au long des \u00e9changes, les mouvements ont r\u00e9affirm\u00e9 qu\u2019une r\u00e9forme significative exige un changement syst\u00e9mique et une participation active \u00e0 l\u2019\u00e9laboration des politiques nationales et internationales.<\/p>\n<p>Alors que d\u00e9bute le dernier jour du CIRADR et qu\u2019une D\u00e9claration des Ministres est attendue, le CIP appelle fermement les responsables politiques \u00e0 soutenir une r\u00e9forme agraire transformatrice fond\u00e9e sur les revendications des mouvements et leurs r\u00e9alisations en droit international.<\/p>\n<p>&nbsp;<\/p>\n<h6><strong>La participation sociale renforce la mise en \u0153uvre<\/strong><\/h6>\n<p>Comment transformer des accords internationaux qui ne sont pas juridiquement contraignants en politiques publiques concr\u00e8tes? Ce dialogue a r\u00e9uni des experts en s\u00e9curit\u00e9 alimentaire et nutrition, des sp\u00e9cialistes juridiques, des Peuples autochtones et des paysans, ainsi que des repr\u00e9sentants gouvernementaux.<\/p>\n<p>Les participants ont soulign\u00e9 que la participation sociale, comme l\u2019a d\u00e9montr\u00e9 le CONSEA au Br\u00e9sil, est essentielle pour relier les accords internationaux \u00e0 des actions concr\u00e8tes. Le panel a \u00e9galement insist\u00e9 sur le fait que la FAO, le CSA et les \u00c9tats doivent respecter pleinement l\u2019UNDRIP. Les mouvements sociaux ont rappel\u00e9 <strong>les \u00ab 4R \u00bb de la r\u00e9forme agraire : Reconnaissance, R\u00e9paration, R\u00e9sistance et Restitution, en ajoutant un cinqui\u00e8me \u00ab R \u00bb, r\u00e9volution<\/strong>, compris comme la premi\u00e8re \u00e9tape vers la transformation des syst\u00e8mes alimentaires en mod\u00e8les territoriaux, agro\u00e9cologiques et non corporatifs.<\/p>\n<p>Le d\u00e9bat a en outre soulign\u00e9 que la r\u00e9forme agraire ne peut \u00eatre r\u00e9duite \u00e0 la d\u00e9livrance de titres fonciers ou \u00e0 la formalisation de la propri\u00e9t\u00e9 ; elle doit garantir la permanence territoriale, l\u2019acc\u00e8s collectif aux ressources naturelles et des moyens de subsistance durables pour les Peuples autochtones, les paysans, les p\u00eacheurs et les pasteurs.<\/p>\n<p>&nbsp;<\/p>\n<h6><strong>De la terre au territoire : la cosmovision dans le droit international<\/strong><\/h6>\n<p>La terre n\u2019est pas seulement un actif productif, mais un espace intrins\u00e8quement li\u00e9 aux biens communs naturels, \u00e0 la spiritualit\u00e9 et \u00e0 la vie collective. Des repr\u00e9sentants d\u2019Indon\u00e9sie, d\u2019Am\u00e9rique du Nord, d\u2019Am\u00e9rique latine, d\u2019Afrique et du Pacifique ont convenu que le principal d\u00e9fi demeure l\u2019absence de garanties effectives pour la protection des droits fonciers et territoriaux, malgr\u00e9 leur reconnaissance dans des instruments juridiques internationaux tels que l\u2019UNDRIP.<\/p>\n<p>Les intervenants ont \u00e9galement d\u00e9nonc\u00e9 la criminalisation continue des d\u00e9fenseurs de la terre et des droits humains, illustr\u00e9e par le cas de Daria Egereva, qui a \u00e9t\u00e9 d\u00e9tenue en Russie apr\u00e8s avoir particip\u00e9 \u00e0 la COP30, ainsi que le manque de reconnaissance des Peuples autochtones en tant que titulaires de droits dans plusieurs pays. Au Kenya, par exemple, les Peuples autochtones sont encore class\u00e9s comme populations marginalis\u00e9es ou minorit\u00e9s, une pratique qui se reproduit m\u00eame dans les espaces multilat\u00e9raux. Face \u00e0 ces d\u00e9fis, des<strong> organisations paysannes, de p\u00eacheurs et de pasteurs ont exprim\u00e9 leur solidarit\u00e9 et r\u00e9affirm\u00e9 un message commun : il ne peut y avoir de r\u00e9forme agraire sans les Peuples autochtones<\/strong>.<\/p>\n<p>&nbsp;<\/p>\n<h6><strong>Joyeux anniversaire, FENSUAGRO!<\/strong><\/h6>\n<p>Des regards paysans sur la r\u00e9forme agraire ont \u00e9t\u00e9 pr\u00e9sent\u00e9s sous la forme d\u2019un documentaire audiovisuel. La M\u00e9diath\u00e8que colombo-fran\u00e7aise a accueilli le lancement des 50 ans de lutte de la FENSUAGRO avec cet \u00e9v\u00e9nement parall\u00e8le dans le cadre de la CIRADR+20. Un documentaire collaboratif issu de la communication populaire, co-cr\u00e9\u00e9 par la FENSUAGRO et Mirada Rumiant (MiRu) en septembre 2025 dans des territoires de Colombie.<\/p>\n<p>&nbsp;<\/p>\n<p>&nbsp;<\/p>\n<hr \/>\n<h6><\/h6>\n<h6>26 f\u00e9vrier<\/h6>\n<p>&nbsp;<\/p>\n<h4><strong>CIRADR+20: Jour 3<\/strong><\/h4>\n<p>&nbsp;<\/p>\n<p data-start=\"0\" data-end=\"449\">Deux jeunes femmes se sont soudainement effondr\u00e9es au sol cet apr\u00e8s-midi au Centre de conventions de Cartagena, provoquant la stupeur parmi les personnes pr\u00e9sentes. Autour d\u2019elles, des hommes en combinaisons blanches de protection ont d\u00e9roul\u00e9 un ruban jaune portant l\u2019inscription \u00ab danger, ne pas franchir \u00bb. Autour des femmes allong\u00e9es par terre, ils ont dispos\u00e9 des fruits, des produits alimentaires industriels et des pancartes de protestation.<\/p>\n<p data-start=\"451\" data-end=\"1278\">\u00ab Nous ne pouvons pas parler de r\u00e9forme agraire si nous ne lib\u00e9rons pas notre imagination des agrotoxiques, des organismes g\u00e9n\u00e9tiquement modifi\u00e9s et du mod\u00e8le agricole qui les soutient \u00bb, ont d\u00e9nonc\u00e9 les militantes. Elles font partie de la campagne <a href=\"https:\/\/redsemillaslibres.com\/colombia-libre-de-transgenicos\/\"><strong>Colombia Libre de Transg\u00e9nicos<\/strong><\/a>. Leur mouvement national lutte pour prot\u00e9ger la biodiversit\u00e9, les semences natives et le droit des communaut\u00e9s \u00e0 une <strong>agriculture sans OGM<\/strong>, ainsi que pour affirmer la souverainet\u00e9 alimentaire du pays. \u00c0 la suite d\u2019un arr\u00eat historique de la Cour constitutionnelle colombienne, qui a reconnu le risque de contamination du ma\u00efs natif par des cultures g\u00e9n\u00e9tiquement modifi\u00e9es, la campagne appelle le gouvernement national \u00e0 surmonter les obstacles juridiques et techniques afin de sauvegarder et prot\u00e9ger efficacement les semences natives et cr\u00e9oles.<\/p>\n<p data-start=\"1280\" data-end=\"1979\"><img loading=\"lazy\" decoding=\"async\" class=\"alignright size-full wp-image-5317\" src=\"https:\/\/www.foodsovereignty.org\/wp-content\/uploads\/2026\/02\/Action-2.jpeg\" alt=\"\" width=\"1600\" height=\"1200\" srcset=\"https:\/\/www.foodsovereignty.org\/wp-content\/uploads\/2026\/02\/Action-2.jpeg 1600w, https:\/\/www.foodsovereignty.org\/wp-content\/uploads\/2026\/02\/Action-2-300x225.jpeg 300w, https:\/\/www.foodsovereignty.org\/wp-content\/uploads\/2026\/02\/Action-2-1024x768.jpeg 1024w, https:\/\/www.foodsovereignty.org\/wp-content\/uploads\/2026\/02\/Action-2-768x576.jpeg 768w, https:\/\/www.foodsovereignty.org\/wp-content\/uploads\/2026\/02\/Action-2-1536x1152.jpeg 1536w\" sizes=\"auto, (max-width: 1600px) 100vw, 1600px\" \/><\/p>\n<h6 data-start=\"1280\" data-end=\"1979\"><\/h6>\n<h6 data-start=\"1280\" data-end=\"1979\"><\/h6>\n<h6 data-start=\"1280\" data-end=\"1979\"><\/h6>\n<h6 data-start=\"1280\" data-end=\"1979\"><\/h6>\n<h6 data-start=\"1280\" data-end=\"1979\"><\/h6>\n<h6 data-start=\"1280\" data-end=\"1979\"><\/h6>\n<h6 data-start=\"1280\" data-end=\"1979\"><\/h6>\n<h6 data-start=\"1280\" data-end=\"1979\"><\/h6>\n<h6 data-start=\"1280\" data-end=\"1979\"><\/h6>\n<h6 data-start=\"1280\" data-end=\"1979\"><\/h6>\n<h6 data-start=\"1280\" data-end=\"1979\"><\/h6>\n<h6 data-start=\"1280\" data-end=\"1979\"><\/h6>\n<h6 data-start=\"1280\" data-end=\"1979\"><\/h6>\n<h6 data-start=\"1280\" data-end=\"1979\"><\/h6>\n<h6 data-start=\"1280\" data-end=\"1979\"><strong>Depuis l&rsquo;auditorium<\/strong><\/h6>\n<p data-start=\"1280\" data-end=\"1979\">Certainement moins spectaculaire, mais tout aussi riche en contenu, la conf\u00e9rence du matin intitul\u00e9e \u00ab Terre, Alimentation, Travail et Vie \u00bb a r\u00e9uni des militant\u00b7e\u00b7s, des intellectuel\u00b7le\u00b7s et des autorit\u00e9s qui ont partag\u00e9 des exp\u00e9riences de construction de la r\u00e9forme agraire et du d\u00e9veloppement durable dans les zones rurales. Des repr\u00e9sentants du Br\u00e9sil, de la Colombie, du Mali, de la Chine et des \u00c9tats-Unis \u00e9taient pr\u00e9sents, ainsi que la ministre colombienne de l\u2019Agriculture et du D\u00e9veloppement rural, Martha Carvajalino. Elle a ouvert la s\u00e9ance en soulignant <strong>l\u2019importance des mouvements du monde entier pour dynamiser le d\u00e9bat sur la r\u00e9forme agraire<\/strong> au niveau mondial.<\/p>\n<p data-start=\"1981\" data-end=\"2867\">Lors d\u2019un autre panel consacr\u00e9 \u00e0 l\u2019innovation pour un usage \u00e9quitable des terres, des repr\u00e9sentants du CIP des \u00c9tats-Unis ont montr\u00e9 que la <strong>concentration croissante des enterprises, l\u2019augmentation de l\u2019endettement agricole, la consolidation fonci\u00e8re et les importations alimentaires<\/strong> record fragilisent les petits producteurs, accentuent les in\u00e9galit\u00e9s et affaiblissent la r\u00e9silience rurale. Les acteurs corporatifs et financiers stimulent des acquisitions fonci\u00e8res \u00e0 grande \u00e9chelle, souvent \u00e0 travers des structures d\u2019investissement opaques, tandis que les donn\u00e9es publiques sur les pr\u00eats discriminatoires et la propri\u00e9t\u00e9 fonci\u00e8re demeurent insuffisantes. Une nouvelle vague d\u2019investissements extractifs \u2013 tels que les centres de donn\u00e9es en zones rurales \u2013 menace les terres et les ressources en eau, tout en offrant des b\u00e9n\u00e9fices limit\u00e9s \u00e0 long terme pour les communaut\u00e9s locales.<\/p>\n<p data-start=\"2869\" data-end=\"3548\">Le programme a \u00e9galement mis en avant une discussion sur les march\u00e9s territoriaux et le commerce \u00e9quitable, o\u00f9 les intervenants de l\u2019IPC ont reconnu que des avanc\u00e9es en mati\u00e8re de politiques publiques ont \u00e9t\u00e9 r\u00e9alis\u00e9es, comme les achats publics dans certains pays, mais que la construction de march\u00e9s \u00e9quitables reste p\u00e9riph\u00e9rique plut\u00f4t que centrale. Il est crucial de reconna\u00eetre la diversit\u00e9 des march\u00e9s territoriaux au-del\u00e0 du GRAND march\u00e9 mondial, car ils nourrissent r\u00e9ellement les populations plut\u00f4t que de simplement g\u00e9n\u00e9rer du profit. Pour les aider \u00e0 prosp\u00e9rer et non seulement \u00e0 survivre, les pays doivent refuser des accords de libre-\u00e9change tels que l\u2019UE-Mercosur.<\/p>\n<h6 data-start=\"3550\" data-end=\"4843\"><strong>Climat et biodiversit\u00e9<\/strong><\/h6>\n<p data-start=\"3550\" data-end=\"4843\">Au cours d\u2019une journ\u00e9e enti\u00e8rement remplie d\u2019\u00e9v\u00e9nements parall\u00e8les et connexes, les mouvements de l\u2019IPC ont \u00e9t\u00e9 tr\u00e8s actifs dans l\u2019organisation de nombreux d\u2019entre eux. La journ\u00e9e a d\u00e9but\u00e9 par un panel sur le climat, o\u00f9 les intervenants ont soulign\u00e9 que la justice climatique et la protection de la biodiversit\u00e9 ne peuvent \u00eatre atteintes \u00e0 travers des mod\u00e8les de conservation excluants qui criminalisent les communaut\u00e9s de p\u00eacheurs et d\u00e9placent celles et ceux qui ont historiquement prot\u00e9g\u00e9 les \u00e9cosyst\u00e8mes aquatiques. Ils ont critiqu\u00e9 les <strong>m\u00e9canismes fond\u00e9s sur le march\u00e9, tels que les compensations carbone et le commerce de la nature<\/strong>, affirmant qu\u2019ils marchandisent la nature au lieu de s\u2019attaquer aux causes profondes de la crise climatique. Les intervenants ont mis en avant le r\u00f4le central des femmes paysannes en tant que gardiennes des semences natives, avertissant que <strong>la commercialisation des semences ainsi que les organismes g\u00e9n\u00e9tiquement modifi\u00e9s (OGM) et certaines technologies transf\u00e8rent le contr\u00f4le des syst\u00e8mes alimentaires aux entreprises<\/strong>. Les profondes in\u00e9galit\u00e9s dans la r\u00e9partition des terres ont \u00e9galement \u00e9t\u00e9 clairement soulign\u00e9es, les petits producteurs nourrissant la majeure partie du monde tout en ne contr\u00f4lant qu\u2019une fraction des terres.<\/p>\n<p data-start=\"4845\" data-end=\"5255\">La discussion, \u00e0 laquelle a \u00e9galement particip\u00e9 la Rapporteuse sp\u00e9ciale des Nations Unies sur le changement climatique, Elisa Morgera, a conclu qu\u2019une r\u00e9forme agraire int\u00e9grale est une condition pr\u00e9alable \u00e0 la justice climatique, \u00e0 la restauration de la biodiversit\u00e9, \u00e0 la souverainet\u00e9 alimentaire et \u00e0 une transition \u00e9cologique centr\u00e9e sur les peuples et fond\u00e9e sur des mesures juridiquement contraignantes.<\/p>\n<p data-start=\"4845\" data-end=\"5255\"><img loading=\"lazy\" decoding=\"async\" class=\"alignright size-full wp-image-5321\" src=\"https:\/\/www.foodsovereignty.org\/wp-content\/uploads\/2026\/02\/Climate-side-event-4.jpeg\" alt=\"\" width=\"1600\" height=\"936\" srcset=\"https:\/\/www.foodsovereignty.org\/wp-content\/uploads\/2026\/02\/Climate-side-event-4.jpeg 1600w, https:\/\/www.foodsovereignty.org\/wp-content\/uploads\/2026\/02\/Climate-side-event-4-300x176.jpeg 300w, https:\/\/www.foodsovereignty.org\/wp-content\/uploads\/2026\/02\/Climate-side-event-4-1024x599.jpeg 1024w, https:\/\/www.foodsovereignty.org\/wp-content\/uploads\/2026\/02\/Climate-side-event-4-768x449.jpeg 768w, https:\/\/www.foodsovereignty.org\/wp-content\/uploads\/2026\/02\/Climate-side-event-4-1536x899.jpeg 1536w\" sizes=\"auto, (max-width: 1600px) 100vw, 1600px\" \/><\/p>\n<h6 data-start=\"5257\" data-end=\"6378\"><strong>P\u00eache en petite \u00e9chelle<\/strong><\/h6>\n<p data-start=\"5257\" data-end=\"6378\">L\u2019\u00e9v\u00e9nement parall\u00e8le intitul\u00e9 \u00ab\u00a0<strong>Terre, Eau et Droits territoriaux autochtones, R\u00e9forme agraire et p\u00eacheurs artisanaux<\/strong>\u00a0\u00bb a examin\u00e9 les raisons pour lesquelles les communaut\u00e9s de p\u00eache restent exclues des syst\u00e8mes de gouvernance alimentaire, aggravant la pauvret\u00e9 et la faim. Les intervenants ont soulign\u00e9 le manque de connaissance et de mise en \u0153uvre des Directives visant \u00e0 assurer la durabilit\u00e9 de la p\u00eache artisanale (SSF). Ils ont \u00e9galement mis en \u00e9vidence que les communaut\u00e9s autochtones, de p\u00eacheurs et paysannes qui d\u00e9fendent leurs territoires sont souvent criminalis\u00e9es. Ils ont insist\u00e9 sur le fait que la d\u00e9possession persiste malgr\u00e9 les protections juridiques existantes en raison d\u2019un d\u00e9faut de reconnaissance des droits territoriaux collectifs. Au-del\u00e0 des capacit\u00e9s techniques, <strong>l\u2019avenir des Directives d\u00e9pend d\u2019une participation collective significative<\/strong>. Les priorit\u00e9s cl\u00e9s incluent l\u2019int\u00e9gration des Directives dans les l\u00e9gislations nationales avec des m\u00e9canismes clairs de reddition de comptes, l\u2019allocation de financements d\u00e9di\u00e9s, ainsi que leur traduction et diffusion dans les langues locales.<\/p>\n<h6 data-start=\"6380\" data-end=\"7275\"><strong>Pastoralisme<\/strong><\/h6>\n<p data-start=\"6380\" data-end=\"7275\">L\u2019\u00e9v\u00e9nement parall\u00e8le sur la r\u00e9forme agraire et le pastoralisme a abord\u00e9 les interconnexions entre le pastoralisme et le changement climatique. Le panel a soulign\u00e9, parmi les principaux d\u00e9fis, la lutte pour la reconnaissance des pasteurs comme titulaires de droits, ainsi que les projets de conservation qui privent souvent les pasteurs de leurs terres. En ce qui concerne les liens entre changement climatique et pastoralisme, les intervenants ont mis en lumi\u00e8re une occasion manqu\u00e9e d\u2019int\u00e9grer les syst\u00e8mes de savoir des pasteurs et des Peuples Autochtones dans les politiques climatiques et de promouvoir des strat\u00e9gies efficaces d\u2019adaptation et d\u2019att\u00e9nuation. L\u2019action climatique doit \u00e9galement int\u00e9grer la protection de la biodiversit\u00e9 et la pr\u00e9vention de la d\u00e9sertification. Reconna\u00eetre et placer au centre ces syst\u00e8mes de savoir et ces titulaires de droits est essentiel.<\/p>\n<p data-start=\"6380\" data-end=\"7275\"><img loading=\"lazy\" decoding=\"async\" class=\"alignright size-full wp-image-5328\" src=\"https:\/\/www.foodsovereignty.org\/wp-content\/uploads\/2026\/02\/Exhibition.jpeg\" alt=\"\" width=\"1200\" height=\"879\" srcset=\"https:\/\/www.foodsovereignty.org\/wp-content\/uploads\/2026\/02\/Exhibition.jpeg 1200w, https:\/\/www.foodsovereignty.org\/wp-content\/uploads\/2026\/02\/Exhibition-300x220.jpeg 300w, https:\/\/www.foodsovereignty.org\/wp-content\/uploads\/2026\/02\/Exhibition-1024x750.jpeg 1024w, https:\/\/www.foodsovereignty.org\/wp-content\/uploads\/2026\/02\/Exhibition-768x563.jpeg 768w\" sizes=\"auto, (max-width: 1200px) 100vw, 1200px\" \/><\/p>\n<h6 data-start=\"7277\" data-end=\"8279\"><strong>Expositions<\/strong><\/h6>\n<p data-start=\"7277\" data-end=\"8279\">Deux projets artistiques et de communication enrichissent le programme de cette deuxi\u00e8me Conf\u00e9rence internationale sur la r\u00e9forme agraire et le d\u00e9veloppement rural.<\/p>\n<p data-start=\"7277\" data-end=\"8279\">Une exposition photographique de Miru (<a href=\"https:\/\/miradarumiant.com\/\"><strong>Mirada Rumiant<\/strong><\/a>) pr\u00e9sente le travail de souverainet\u00e9 de la communication men\u00e9 par les organisations du CIP \u00e0 travers des processus participatifs audiovisuels et de photographie documentaire. <strong>Ancr\u00e9e dans des m\u00e9thodologies d\u2019\u00e9ducation populaire et de co-cr\u00e9ation<\/strong>, l\u2019exposition met en lumi\u00e8re des cas d\u2019accaparement des terres dans diff\u00e9rentes r\u00e9gions, en pla\u00e7ant au centre les voix et les perspectives des jeunes et des communaut\u00e9s de base. Pr\u00e9sent\u00e9e \u00e0 la CIRADR+20 dans le hall principal du Centre de conventions de Cartagena, l\u2019exposition fait partie d\u2019un effort plus large qui comprend \u00e9galement la projection d\u2019un documentaire sur la r\u00e9forme agraire int\u00e9grale et populaire ainsi que trois livres photographiques pr\u00e9sentant des r\u00e9cits visuels du B\u00e9nin, d\u2019Indon\u00e9sie et de Colombie.<\/p>\n<p data-start=\"8281\" data-end=\"8957\" data-is-last-node=\"\" data-is-only-node=\"\">\u00c0 l\u2019ext\u00e9rieur du site, \u00e0 l\u2019<a href=\"https:\/\/maps.app.goo.gl\/WK5ebj61BtjibAh67\">Instituto Geogr\u00e1fico Agust\u00edn Codazzi<\/a>, trois artistes primitivistes de la r\u00e9gion cara\u00efbe de Colombie expriment la relation des paysans et des peuples autochtones \u00e0 la terre et la politique de redistribution fonci\u00e8re \u00e0 travers des peintures color\u00e9es sur vinyle. Des r\u00eaves de C\u00e9sar Villa Guti\u00e9rrez \u00e0 l\u2019excellente repr\u00e9sentation par Mauricio Alegr\u00eda Calle de la concentration de la propri\u00e9t\u00e9 fonci\u00e8re parmi les congressistes colombiens, cette exposition capture brillamment <strong>un territoire en tension permanente<\/strong>. Se terminant le 27, il s\u2019agit d\u2019un espace tr\u00e8s pertinent et agr\u00e9able pour celles et ceux qui souhaitent faire une pause entre les conf\u00e9rences.<\/p>\n<p>&nbsp;<\/p>\n<hr \/>\n<h6><\/h6>\n<h6>25 f\u00e9vrier<\/h6>\n<p>&nbsp;<\/p>\n<h4><strong>CIRADR+20: Jour 2<\/strong><\/h4>\n<p>&nbsp;<\/p>\n<p>Plus de 1,1 milliard de personnes, soit environ 23 % de la population adulte mondiale, se sentent en situation d\u2019ins\u00e9curit\u00e9 fonci\u00e8re et consid\u00e8rent comme probable ou tr\u00e8s probable la perte de leurs droits sur tout ou partie de leurs terres et logements au cours des cinq prochaines ann\u00e9es, et la tendance s\u2019aggrave.<\/p>\n<p>Le premier rapport sur l\u2019\u00c9tat de la tenure et de la gouvernance fonci\u00e8re, pr\u00e9sent\u00e9 lors de l\u2019\u00e9v\u00e9nement principal du programme d\u2019aujourd\u2019hui \u00e0 la deuxi\u00e8me <strong>Conf\u00e9rence internationale sur la r\u00e9forme agraire et le d\u00e9veloppement rural (CIRADR+20)<\/strong>, montre que, bien que 2,5 milliards de personnes d\u00e9pendent directement de la terre, seuls 35 % des droits fonciers sont formellement document\u00e9s. Avec 42 % des terres d\u00e9tenues sous des syst\u00e8mes coutumiers, largement g\u00e9r\u00e9s par les Peuples autochtones, une part importante reste en dehors de la reconnaissance formelle. Toutefois, cela ne constitue pas un probl\u00e8me majeur dans la plupart des r\u00e9gions du monde. La propri\u00e9t\u00e9 coutumi\u00e8re, collective ou individuelle, m\u00eame non document\u00e9e, peut renforcer la s\u00e9curit\u00e9 fonci\u00e8re. C\u2019est particuli\u00e8rement le cas dans les contextes o\u00f9 les titres fonciers individuels formels ne sont pas la norme. Au contraire, la formalisation, notamment sous forme de titres priv\u00e9s, peut accro\u00eetre l\u2019ins\u00e9curit\u00e9. Dans ce contexte, les femmes supportent le poids principal des in\u00e9galit\u00e9s croissantes : elles sont moins susceptibles que les hommes de poss\u00e9der ou de d\u00e9tenir des droits fonciers s\u00e9curis\u00e9s, et l\u2019\u00e9cart entre les sexes est insoutenablement large.<\/p>\n<p>&nbsp;<\/p>\n<h5><strong>Comment en sommes-nous arriv\u00e9s l\u00e0?<\/strong><\/h5>\n<p>La situation actuelle r\u00e9sulte de diverses transformations historiques, \u00e9cologiques et sociopolitiques. Apr\u00e8s la Seconde Guerre mondiale, le processus de d\u00e9colonisation et la r\u00e9organisation de l\u2019ordre g\u00e9opolitique ont ouvert la voie \u00e0 des r\u00e9formes agraires redistributives dans de nombreux pays. Cependant, le retour en force de la mondialisation n\u00e9olib\u00e9rale, devenu manifeste \u00e0 la fin des ann\u00e9es 1970 et intensifi\u00e9 au cours des d\u00e9cennies suivantes, a renforc\u00e9 les march\u00e9s fonciers et privatis\u00e9 les droits de propri\u00e9t\u00e9, au nom de l\u2019id\u00e9e que la propri\u00e9t\u00e9 priv\u00e9e des terres agricoles favoriserait l\u2019investissement, le d\u00e9veloppement \u00e9conomique et la r\u00e9duction de la pauvret\u00e9, produisant en r\u00e9alit\u00e9 l\u2019effet inverse. Les d\u00e9placements de population ont augment\u00e9, l\u2019accaparement des terres est devenu la norme, et l\u2019approche pr\u00e9datrice des multinationales et des grands acteurs financiers a port\u00e9 la violence et l\u2019ins\u00e9curit\u00e9 fonci\u00e8re \u00e0 un niveau sup\u00e9rieur. En r\u00e9ponse, des mouvements agraires transnationaux ont \u00e9merg\u00e9, organisant les paysans, les Peuples Autochtones et d\u2019autres producteurs alimentaires \u00e0 petite \u00e9chelle pour affronter leurs adversaires mondialis\u00e9s par le biais du dialogue politique mondial. Cela a conduit \u00e0 l\u2019adoption d\u2019<strong>outils internationaux tels que les Directives sur la tenure (VGGT), l\u2019UNDROP et l\u2019UNDRIP, affirmant des principes et d\u00e9finissant les droits collectifs des peuples sur les terres et les territoires<\/strong>. Depuis l\u2019adoption des VGGT en 2012, 71 pays (36 % du total mondial) ont entrepris une forme de r\u00e9forme agraire. Cependant, les gouvernements vont rarement au-del\u00e0 de la simple mention de cet instrument. L\u2019absence de mise en \u0153uvre concr\u00e8te au niveau national demeure donc le principal d\u00e9fi pour r\u00e9aliser de v\u00e9ritables r\u00e9formes agraires transformatrices, qui <strong>reprennent la terre aux grands int\u00e9r\u00eats priv\u00e9s pour la restituer aux producteurs alimentaires \u00e0 petite \u00e9chelle et aux Peuples Autochtones<\/strong>.<\/p>\n<p>Telle est la mission que le CIP appelle les gouvernements et les institutions internationales \u00e0 assumer, une fois pour toutes. Dans les conditions difficiles d\u00e9crites ci-dessus, les producteurs alimentaires \u00e0 petite \u00e9chelle continuent de fournir environ 80 % des aliments consomm\u00e9s dans le monde, en cultivant seulement une partie des terres agricoles mondiales. Ce r\u00f4le extraordinaire est \u00e9rod\u00e9 chaque jour par des politiques fonci\u00e8res bas\u00e9es sur le march\u00e9 et d\u2019autres facteurs.<\/p>\n<p>&nbsp;<\/p>\n<h5><strong>Voix des \u00e9v\u00e9nements parall\u00e8les<\/strong><\/h5>\n<p>Certains de ces enjeux ont \u00e9t\u00e9 abord\u00e9s lors de diff\u00e9rents \u00e9v\u00e9nements parall\u00e8les au cours de la journ\u00e9e.<\/p>\n<p>Lors du panel sur la <strong>lutte des femmes pour la r\u00e9forme agraire et les droits du travail<\/strong>, les intervenantes ont d\u00e9nonc\u00e9 l\u2019approfondissement des crises mondiales marqu\u00e9es par l\u2019intensification de l\u2019imp\u00e9rialisme, du n\u00e9olib\u00e9ralisme, du racisme, du conservatisme et de la violence patriarcale, et la mani\u00e8re dont cela engendre des menaces croissantes pour les territoires, les corps et les droits collectifs. Les participantes ont reconnu des avanc\u00e9es importantes obtenues en collaboration avec des gouvernements progressistes, tout en soulignant qu\u2019elles restent fragiles et incompl\u00e8tes. Amparo Miciano Sykioco, de la Marche mondiale des femmes, et Souad Mahmoud, de l\u2019Alliance pour la souverainet\u00e9 alimentaire du Moyen-Orient et de l\u2019Afrique du Nord, ont apport\u00e9 une perspective de terrain. \u201c<strong>Nos corps sont nos territoires<\/strong>\u201d, ont affirm\u00e9 les intervenantes, soulignant que d\u00e9fendre les droits des femmes est indissociable de la d\u00e9fense de la terre et de la souverainet\u00e9 alimentaire. Elles ont \u00e9galement insist\u00e9 sur la n\u00e9cessit\u00e9 d\u2019une r\u00e9forme agraire int\u00e9grale, f\u00e9ministe et populaire centr\u00e9e sur la durabilit\u00e9 de la vie, la dignit\u00e9 et le soin collectif. Toutefois, la r\u00e9forme agraire ne mettra pas automatiquement fin aux violations des droits des femmes ; elle en est une condition n\u00e9cessaire mais non suffisante. Heureusement, il y a aussi des bonnes nouvelles : les mouvements sociaux continuent de lutter pour d\u00e9-marchandiser la terre, r\u00e9affirmer que les femmes ne sont pas une main-d\u2019\u0153uvre jetable, et d\u00e9montrer qu\u2019un autre monde n\u2019est pas seulement possible : les femmes rurales et leurs communaut\u00e9s le construisent d\u00e9j\u00e0.<\/p>\n<p>Lors d\u2019un \u00e9v\u00e9nement parall\u00e8le consacr\u00e9 au <strong>travail rural, \u00e0 l\u2019organisation collective et au dialogue social<\/strong>, Nestor Roche, du Forum mondial des p\u00eacheurs et travailleurs de la p\u00eache (WFF), a mis en lumi\u00e8re les principales lacunes affectant la p\u00eache artisanale et \u00e0 petite \u00e9chelle, notamment les revenus instables, la domination des interm\u00e9diaires, le travail des enfants, les in\u00e9galit\u00e9s de genre, la faiblesse de l\u2019organisation et de la gouvernance, ainsi que le changement climatique. Il a soulign\u00e9 que les p\u00eacheurs \u00e0 petite \u00e9chelle restent marginalis\u00e9s dans les cadres \u00e9conomiques et politiques, malgr\u00e9 leur r\u00f4le crucial dans la s\u00e9curit\u00e9 alimentaire et les \u00e9conomies locales. Selon Roche, des politiques publiques reconnaissant et rendant visibles les p\u00eacheurs sont essentielles, et leur inclusion dans les processus de r\u00e9forme agraire est indispensable pour garantir les droits, la durabilit\u00e9 et la justice sociale.<\/p>\n<p>Dans le cadre de l\u2019agenda officiel de la CIRADR+20, le <strong>Groupe de travail sur la p\u00eache du CIP<\/strong> a organis\u00e9 un \u00e9v\u00e9nement parall\u00e8le intitul\u00e9 \u201c<strong>P\u00eaches et oc\u00e9ans : Droits collectifs, protection des \u00e9cosyst\u00e8mes aquatiques et moyens de subsistance d\u00e9cents<\/strong>\u201d. La session a r\u00e9uni des repr\u00e9sentants des gouvernements, des Nations Unies, du monde acad\u00e9mique et des mouvements sociaux afin d\u2019aborder une question centrale : que signifie le droit aux territoires pour les p\u00eacheurs \u00e0 petite \u00e9chelle et les Peuples Autochtones?<\/p>\n<p>Les intervenant\u00b7e\u00b7s ont soulign\u00e9 que <strong>la r\u00e9forme agraire ne peut rester limit\u00e9e \u00e0 la terre<\/strong>, mais doit reconna\u00eetre pleinement les territoires marins, c\u00f4tiers et des eaux int\u00e9rieures comme des espaces de vie, de culture, de production alimentaire et de gouvernance collective. Ils et elles ont \u00e9galement mis en avant l\u2019importance de mettre en \u0153uvre les Directives de la FAO pour la p\u00eache artisanale et l\u2019UNDROP \u00e0 travers une approche fond\u00e9e sur les droits humains, en garantissant le Consentement libre, pr\u00e9alable et \u00e9clair\u00e9, en prot\u00e9geant les communaut\u00e9s contre l\u2019accaparement des oc\u00e9ans et la conservation excluante, et en reconnaissant juridiquement les syst\u00e8mes coutumiers et collectifs de tenure marine. Le d\u00e9bat a soulign\u00e9 que sans s\u00e9curiser les droits territoriaux aquatiques, il ne peut y avoir de v\u00e9ritable r\u00e9forme agraire, de souverainet\u00e9 alimentaire ni de transition \u00e9cologique fond\u00e9e sur la justice.<\/p>\n<p>Dans le cadre du panel \u201c<strong>Semer la terre de l\u2019avenir : les jeunesses rurales transforment les syst\u00e8mes agroalimentaires<\/strong>\u201d, le CIP \u00e9tait repr\u00e9sent\u00e9 par le MIJARC, qui a pr\u00e9sent\u00e9 une intervention centr\u00e9e sur l\u2019urgence de reconna\u00eetre les jeunes ruraux comme des acteurs strat\u00e9giques dans la construction de syst\u00e8mes agroalimentaires agro\u00e9cologiques, r\u00e9silients et fond\u00e9s sur une approche syst\u00e9mique. Il a \u00e9t\u00e9 soulign\u00e9 qu\u2019aucune transformation r\u00e9elle n\u2019est possible sans garantir l\u2019acc\u00e8s \u00e0 la terre, au financement, \u00e0 la formation, \u00e0 une participation effective et \u00e0 des conditions de vie dignes permettant de rester sur les territoires. L\u2019intervention a affirm\u00e9 que les jeunes ne sont pas l\u2019avenir des campagnes, mais leur pr\u00e9sent organis\u00e9, capable de semer justice, enracinement et durabilit\u00e9 pour les g\u00e9n\u00e9rations futures.<\/p>\n<p>Comment renforcer la participation des peuples \u00e0 la prise de d\u00e9cision et cr\u00e9er des espaces leur permettant d\u2019influencer l\u2019\u00e9laboration des politiques publiques ? Cette question a \u00e9t\u00e9 abord\u00e9e lors d\u2019un \u00e9v\u00e9nement au cours duquel les mouvements sociaux et d\u2019autres intervenant\u00b7e\u00b7s ont \u00e9valu\u00e9 la r\u00e9partition des terres, de l\u2019eau et des territoires \u00e0 l\u2019\u00e9chelle mondiale, 20 ans apr\u00e8s la premi\u00e8re CIRADR.<\/p>\n<p>Les mouvements sociaux ont propos\u00e9 de rendre <strong>l\u2019Observatoire mondial du foncier plus inclusif et participatif<\/strong>, de renforcer la participation des communaut\u00e9s de p\u00eacheurs aux d\u00e9bats sur la r\u00e9forme agraire, de positionner cet agenda dans d\u2019autres espaces internationaux, y compris les Conventions de Rio, d\u2019assurer la participation des organes des droits humains aux futures conf\u00e9rences de la CIRADR et de cr\u00e9er des m\u00e9canismes participatifs permettant aux peuples de d\u00e9cider de l\u2019utilisation des territoires, des terres et de l\u2019eau.<\/p>\n<p>&nbsp;<\/p>\n<hr \/>\n<h6><\/h6>\n<h6>24 f\u00e9vrier<\/h6>\n<p>&nbsp;<\/p>\n<h4><strong>CIRADR+20: Jour 1<\/strong><\/h4>\n<p>&nbsp;<\/p>\n<p data-start=\"4245\" data-end=\"4792\">Pour certains, augmenter la productivit\u00e9 signifie produire davantage de nourriture par unit\u00e9 de surface ; pour nous, cela signifie augmenter les terres cultiv\u00e9es. Et cela signifie accro\u00eetre la production en augmentant le nombre de producteurs, en <strong>ayant plus de paysan\u00b7nes et en redistribuant le pouvoir dans la soci\u00e9t\u00e9<\/strong>. Une strat\u00e9gie qui lutte contre le changement climatique, r\u00e9duit l\u2019inflation sans recourir \u00e0 des mesures qui \u00e9touffent l\u2019\u00e9conomie, cr\u00e9e de l\u2019emploi et ram\u00e8ne l\u2019humanit\u00e9 \u00e0 vivre dans les zones rurales au lieu de les abandonner.<\/p>\n<p data-start=\"4794\" data-end=\"5196\">Tel fut le c\u0153ur du discours prononc\u00e9 cet apr\u00e8s-midi par le pr\u00e9sident colombien <strong>Gustavo Petro<\/strong> dans l\u2019auditorium comble du Cartagena Convention Centre, lors de la journ\u00e9e d\u2019ouverture de la <strong>CIRADR+20<\/strong>. Plus d\u2019un millier de personnes, majoritairement des petits producteurs alimentaires, ont scand\u00e9 des slogans tels que \u00ab\u00a0Pedro, amigo, el pueblo est\u00e1 contigo\u00a0\u00bb et \u00ab\u00a0reforma agraria, urgente y necesaria\u00a0\u00bb.<\/p>\n<p data-start=\"5198\" data-end=\"5836\">En modifiant la Constitution en 2023, le gouvernement de Petro a finalement reconnu les paysan\u00b7nes comme sujets de droits, reconnaissant \u00e9galement leurs territoires et leurs diverses formes de gouvernance fonci\u00e8re. La r\u00e9partition in\u00e9gale des terres agricoles est frappante dans le pays, o\u00f9 8 hectares sur 10 sont entre les mains de 1% des propri\u00e9taires. Cette concentration a d\u00e9plac\u00e9 plus de huit millions de personnes &#8211; principalement des paysan\u00b7nes &#8211; des zones rurales, souvent par la violence. Pourtant, encore aujourd\u2019hui, <strong>les exploitations de moins de deux hectares repr\u00e9sentent 84% du total mais ne couvrent que 12 % des terres<\/strong>.<\/p>\n<p data-start=\"5838\" data-end=\"6189\">En d\u00e9cembre, le gouvernement a annonc\u00e9 avoir s\u00e9curis\u00e9 <strong>2,5 millions d\u2019hectares pour la r\u00e9forme agraire<\/strong> : 700 000 ont \u00e9t\u00e9 attribu\u00e9s au Fonds national des terres et 446 000 ont \u00e9t\u00e9 acquis par achat direct. L\u2019objectif, selon les mots de Petro, est de mener une \u00ab r\u00e9forme agraire pacifique \u00bb, en rachetant les terres pour les redistribuer aux paysan\u00b7nes.<\/p>\n<p data-start=\"6191\" data-end=\"6929\">L\u2019alliance avec les organisations paysannes et de petits producteurs est cruciale dans ce processus, comme l\u2019ont soulign\u00e9 des ministres de plusieurs pays : la Colombienne Marta Carvajalino, le Sud-Africain Mzwanele Nyhontso et le Br\u00e9silien Paulo Teixeira. Nury Mart\u00ednez Silva, pr\u00e9sidente de FENSUAGRO (organisation membre de La Via Campesina et du CIP), a soulign\u00e9 lors de la session d\u2019ouverture le r\u00f4le des mouvements de petits producteurs r\u00e9unis au sein du CIP pour obtenir des r\u00e9sultats concrets. Elle a \u00e9galement exhort\u00e9 les d\u00e9cideurs politiques \u00e0 mettre en \u0153uvre ces mesures conform\u00e9ment aux principes consacr\u00e9s par l\u2019UNDROP, l\u2019UNDRIP et les cadres juridiques internationaux que les mouvements du CIP ont obtenus au fil des ann\u00e9es.<\/p>\n<p data-start=\"6931\" data-end=\"7720\">En parall\u00e8le de l\u2019\u00e9v\u00e9nement principal, le programme de la CIRADR+20 comprenait plusieurs \u00e9v\u00e9nements officiels et parall\u00e8les. Parmi les \u00e9v\u00e9nements officiels, le CIP a coordonn\u00e9 des sessions sur la jeunesse, les femmes et la diversit\u00e9 de genre. Les jeunes ont clairement affirm\u00e9 vouloir vivre sur leurs territoires, en relation saine avec la terre et les eaux, mais qu\u2019ils sont d\u00e9poss\u00e9d\u00e9s de leurs moyens de subsistance agricoles par des structures violentes de capital, de pouvoir et de contr\u00f4le, et souvent contraints de migrer. Pour changer cette situation, les mouvements doivent travailler ensemble afin de faire pression sur les gouvernements pour des politiques sp\u00e9cifiques \u00e0 la jeunesse reconnaissant leurs droits et mettant en lumi\u00e8re l\u2019importance du renouvellement g\u00e9n\u00e9rationnel.<\/p>\n<p data-start=\"7722\" data-end=\"8489\">La <strong>violence, la discrimination de genre et le patriarcat<\/strong> dominent encore de nombreuses zones rurales \u00e0 travers le monde, comme cela a \u00e9t\u00e9 soulign\u00e9 lors d\u2019autres \u00e9v\u00e9nements. Si les lois archa\u00efques en vigueur dans certains pays ne sont pas r\u00e9form\u00e9es, elles resteront parmi les principaux obstacles \u00e0 la construction d\u2019une v\u00e9ritable \u00e9quit\u00e9. De plus, l\u2019absence d\u2019indicateurs et de donn\u00e9es concernant les Diversit\u00e9s et leurs droits fonciers limite la compr\u00e9hension des r\u00e9alit\u00e9s v\u00e9cues par les communaut\u00e9s LGBTIQ dans les zones rurales. Les institutions ne disposent pas de syst\u00e8mes ad\u00e9quats pour suivre et traiter efficacement ces changements, ont not\u00e9 les intervenants. Cette lacune perp\u00e9tue l\u2019exclusion et emp\u00eache un acc\u00e8s \u00e9gal aux droits fonciers pour les Diversit\u00e9s.<\/p>\n<p data-start=\"8491\" data-end=\"8679\" data-is-last-node=\"\" data-is-only-node=\"\">Le programme de demain abordera la r\u00e9forme agraire sous diff\u00e9rents angles : travail, environnement, climat, vie, justice et bien plus encore. Restez \u00e0 l\u2019\u00e9coute pour de nouvelles analyses !<\/p>\n<p data-start=\"8491\" data-end=\"8679\" data-is-last-node=\"\" data-is-only-node=\"\"><img loading=\"lazy\" decoding=\"async\" class=\"alignright size-full wp-image-5297\" src=\"https:\/\/www.foodsovereignty.org\/wp-content\/uploads\/2026\/02\/WhatsApp-Image-2026-02-25-at-01.28.27.jpeg\" alt=\"\" width=\"1600\" height=\"1066\" srcset=\"https:\/\/www.foodsovereignty.org\/wp-content\/uploads\/2026\/02\/WhatsApp-Image-2026-02-25-at-01.28.27.jpeg 1600w, https:\/\/www.foodsovereignty.org\/wp-content\/uploads\/2026\/02\/WhatsApp-Image-2026-02-25-at-01.28.27-300x200.jpeg 300w, https:\/\/www.foodsovereignty.org\/wp-content\/uploads\/2026\/02\/WhatsApp-Image-2026-02-25-at-01.28.27-1024x682.jpeg 1024w, https:\/\/www.foodsovereignty.org\/wp-content\/uploads\/2026\/02\/WhatsApp-Image-2026-02-25-at-01.28.27-768x512.jpeg 768w, https:\/\/www.foodsovereignty.org\/wp-content\/uploads\/2026\/02\/WhatsApp-Image-2026-02-25-at-01.28.27-1536x1023.jpeg 1536w\" sizes=\"auto, (max-width: 1600px) 100vw, 1600px\" \/><\/p>\n<p>&nbsp;<\/p>\n<hr \/>\n<h6><\/h6>\n<h6><\/h6>\n<h6><\/h6>\n<hr \/>\n<p>&nbsp;<\/p>\n<h6>23 f\u00e9vrier<\/h6>\n<p>&nbsp;<\/p>\n<h4><strong>Forum des Peuples et des Mouvements Sociaux: Jour 2<\/strong><\/h4>\n<p>&nbsp;<\/p>\n<p>Le <strong>Forum des Peuples et des Mouvements Sociaux<\/strong> a conclu sa deuxi\u00e8me journ\u00e9e par la lecture en pl\u00e9ni\u00e8re et l\u2019acclamation unanime de sa d\u00e9claration finale. Cette d\u00e9claration sera port\u00e9e comme position de l\u2019IPC \u00e0 la <strong>Conf\u00e9rence internationale sur la r\u00e9forme agraire et le d\u00e9veloppement rural<\/strong> (<strong>CIRADR+20<\/strong>), qui d\u00e9bute le 24 f\u00e9vrier, comme un message clair : les mouvements sociaux ne sont pas des observateurs, mais les protagonistes de la r\u00e9forme agraire.<\/p>\n<h6 style=\"text-align: center;\"><strong>T\u00e9l\u00e9chargez la d\u00e9claration<\/strong><\/h6>\n<p style=\"text-align: center;\"><a class=\"btn btn-yellow\" href=\"https:\/\/www.foodsovereignty.org\/wp-content\/uploads\/2026\/02\/EN-ICARRD20-Forum-Declaration_DEF.pdf\">ENGLISH<\/a> <a class=\"btn btn-yellow\" href=\"https:\/\/www.foodsovereignty.org\/wp-content\/uploads\/2026\/02\/ES-ICARRD20-Forum-Declaration_DEF.pdf\">ESPA\u00d1OL<\/a> <a class=\"btn btn-yellow\" href=\"https:\/\/www.foodsovereignty.org\/wp-content\/uploads\/2026\/02\/FR-ICARRD20-Forum-Declaration_DEF.pdf\">FRAN\u00c7AIS<\/a><\/p>\n<p>Le matin, les discussions r\u00e9gionales en groupes de travail ont permis d\u2019apporter une perspective multifacette sur le sujet. Dans toutes les r\u00e9gions, les mouvements ont r\u00e9affirm\u00e9 que la r\u00e9forme agraire n\u2019est pas un simple ajustement technique, mais une lutte structurelle pour le pouvoir, la dignit\u00e9 et la souverainet\u00e9 territoriale. Les d\u00e9l\u00e9gu\u00e9\u00b7es ont d\u00e9nonc\u00e9 l\u2019intensification de l\u2019accaparement des terres, des d\u00e9posses\u00adsions verte et bleue, de la guerre, de la dette, de la militarisation et de la captation de la gouvernance fonci\u00e8re par les entreprises. La concentration fonci\u00e8re, l\u2019extractivisme, les agrotoxiques, les monocultures et la finance sp\u00e9culative continuent d\u2019expulser les paysan\u00b7nes, les Pueblos Ind\u00edgenas, les pasteurs et les p\u00eacheurs de leurs territoires.<\/p>\n<p>Les groupes de travail r\u00e9gionaux ont approfondi les quatre piliers de la r\u00e9forme agraire &#8211; <strong>restitution, redistribution, reconnaissance et r\u00e9gulation<\/strong> &#8211; tout en avan\u00e7ant de nouvelles dimensions: <strong>r\u00e9paration, repr\u00e9sentation, ressources et r\u00e9volution<\/strong>. Les mouvements ont revendiqu\u00e9 les droits fonciers collectifs, l\u2019acc\u00e8s \u00e9gal des femmes \u00e0 la terre, la participation des jeunes, le consentement libre, pr\u00e9alable et \u00e9clair\u00e9, ainsi que la d\u00e9fense des syst\u00e8mes coutumiers et communautaires de tenure. Ils ont exig\u00e9 des budgets publics, des m\u00e9canismes contraignants de redevabilit\u00e9 et le passage d\u2019un dialogue politique sans fin \u00e0 la mise en \u0153uvre concr\u00e8te de l\u2019UNDROP, de l\u2019UNDRIP et des Directives sur la tenure.<\/p>\n<p>De la Palestine au Myanmar, des territoires mapuche \u00e0 l\u2019Asie centrale, les voix ont d\u00e9nonc\u00e9 la violence, la criminalisation et les continuit\u00e9s coloniales. Pourtant, le Forum n\u2019a pas \u00e9t\u00e9 seulement un espace de d\u00e9nonciation, mais aussi un espace de strat\u00e9gie. L\u2019agro\u00e9cologie, la souverainet\u00e9 alimentaire, les \u00e9conomies solidaires et le pouvoir populaire ont \u00e9t\u00e9 affirm\u00e9s comme des alternatives vivantes qui transforment d\u00e9j\u00e0 les territoires.<\/p>\n<p>Comme l\u2019a rappel\u00e9 en pl\u00e9ni\u00e8re le <strong>Ministre du D\u00e9veloppement agraire du Br\u00e9sil<\/strong>, Luiz Paulo Teixeira Ferreira, nous ne pouvons pas attendre 20 ans de plus. La r\u00e9forme agraire doit \u00eatre au premier plan d\u00e8s maintenant. Les mouvements repartent unis, organis\u00e9s et d\u00e9termin\u00e9s : la terre est la vie, et nous continuerons \u00e0 nous battre pour elle.<\/p>\n<p>&nbsp;<\/p>\n<h6><strong>Photos du jour<\/strong><\/h6>\n<p>&nbsp;<\/p>\n<div class=\"swiper slider-gallery swiper-gallery\">\n<div class=\"swiper-wrapper\">\n<div class=\"swiper-slide\">\n<img loading=\"lazy\" decoding=\"async\" src=\"https:\/\/www.foodsovereignty.org\/wp-content\/uploads\/2026\/02\/signal-2026-02-23-223252_002.jpeg\" width=\"1600\" height=\"1066\" alt=\"\" \/>\n<\/div>\n<div class=\"swiper-slide\">\n<img loading=\"lazy\" decoding=\"async\" src=\"https:\/\/www.foodsovereignty.org\/wp-content\/uploads\/2026\/02\/signal-2026-02-23-223252_020.jpeg\" width=\"1600\" height=\"1066\" alt=\"\" \/>\n<\/div>\n<div class=\"swiper-slide\">\n<img loading=\"lazy\" decoding=\"async\" src=\"https:\/\/www.foodsovereignty.org\/wp-content\/uploads\/2026\/02\/signal-2026-02-24-002149_006.jpeg\" width=\"1600\" height=\"1000\" alt=\"\" \/>\n<\/div>\n<div class=\"swiper-slide\">\n<img loading=\"lazy\" decoding=\"async\" src=\"https:\/\/www.foodsovereignty.org\/wp-content\/uploads\/2026\/02\/signal-2026-02-24-025605_004.jpeg\" width=\"1600\" height=\"1066\" alt=\"\" \/>\n<\/div>\n<div class=\"swiper-slide\">\n<img loading=\"lazy\" decoding=\"async\" src=\"https:\/\/www.foodsovereignty.org\/wp-content\/uploads\/2026\/02\/signal-2026-02-24-025605_009.jpeg\" width=\"1600\" height=\"1264\" alt=\"\" \/>\n<\/div>\n<div class=\"swiper-slide\">\n<img loading=\"lazy\" decoding=\"async\" src=\"https:\/\/www.foodsovereignty.org\/wp-content\/uploads\/2026\/02\/signal-2026-02-24-025605_011.jpeg\" width=\"1600\" height=\"1005\" alt=\"\" \/>\n<\/div>\n<div class=\"swiper-slide\">\n<img loading=\"lazy\" decoding=\"async\" src=\"https:\/\/www.foodsovereignty.org\/wp-content\/uploads\/2026\/02\/signal-2026-02-24-025605_012.jpeg\" width=\"1600\" height=\"828\" alt=\"\" \/>\n<\/div>\n<div class=\"swiper-slide\">\n<img loading=\"lazy\" decoding=\"async\" src=\"https:\/\/www.foodsovereignty.org\/wp-content\/uploads\/2026\/02\/signal-2026-02-24-025605_013.jpeg\" width=\"1600\" height=\"1453\" alt=\"\" \/>\n<\/div>\n<div class=\"swiper-slide\">\n<img loading=\"lazy\" decoding=\"async\" src=\"https:\/\/www.foodsovereignty.org\/wp-content\/uploads\/2026\/02\/signal-2026-02-24-025605_014.jpeg\" width=\"1600\" height=\"950\" alt=\"\" \/>\n<\/div>\n<div class=\"swiper-slide\">\n<img loading=\"lazy\" decoding=\"async\" src=\"https:\/\/www.foodsovereignty.org\/wp-content\/uploads\/2026\/02\/signal-2026-02-24-025605_015.jpeg\" width=\"1600\" height=\"1066\" alt=\"\" \/>\n<\/div>\n<div class=\"swiper-slide\">\n<img loading=\"lazy\" decoding=\"async\" src=\"https:\/\/www.foodsovereignty.org\/wp-content\/uploads\/2026\/02\/signal-2026-02-24-025605_018.jpeg\" width=\"1600\" height=\"1066\" alt=\"\" \/>\n<\/div>\n<div class=\"swiper-slide\">\n<img loading=\"lazy\" decoding=\"async\" src=\"https:\/\/www.foodsovereignty.org\/wp-content\/uploads\/2026\/02\/signal-2026-02-24-025605_023.jpeg\" width=\"1600\" height=\"1066\" alt=\"\" \/>\n<\/div>\n<\/div>\n<div class=\"swiper-pagination\"><\/div>\n<\/div>\n\n<p>&nbsp;<\/p>\n<hr \/>\n<p>&nbsp;<\/p>\n<h6>22 f\u00e9vrier<\/h6>\n<p>&nbsp;<\/p>\n<h4><strong>Forum des Peuples et des Mouvements Sociaux: Jour 1<\/strong><\/h4>\n<p>La premi\u00e8re moiti\u00e9 du <strong>Forum des Peuples et des Mouvements Sociaux<\/strong> s\u2019est ouverte par un appel fort et unifi\u00e9 des leaders des mouvements sociaux \u00e0 placer la terre et les territoires au centre de l\u2019action politique mondiale. Lors de la mystique d\u2019ouverture, des paysan\u00b7nes, des Peuple Autochtones, des pasteurs, des p\u00eacheurs et des travailleur\u00b7euses ruraux ont r\u00e9affirm\u00e9 que les territoires ne sont pas des marchandises, mais la base mat\u00e9rielle et spirituelle de la vie, de la culture et de la survie collective.<\/p>\n<p>Les intervenant\u00b7es ont soulign\u00e9 que, malgr\u00e9 des avanc\u00e9es telles que les <strong>Directives sur la Tenure, l\u2019UNDRIP et l\u2019UNDROP<\/strong>, l\u2019accaparement des terres, l\u2019extractivisme et les expulsions li\u00e9es aux politiques de conservation s\u2019intensifient, concentrant terres, eaux et for\u00eats entre les mains des entreprises tout en criminalisant les communaut\u00e9s rurales.<\/p>\n<p><strong>Trois ministres colombiens ont particip\u00e9 aux panels<\/strong>: Martha Carvajalino, Ministre de l\u2019Agriculture et du D\u00e9veloppement rural ; Irene V\u00e9lez Torres, Ministre de l\u2019Environnement ; et Jos\u00e9 Daniel Rojas Medell\u00edn, Ministre de l\u2019\u00c9ducation. Ils ont mis en avant la reconnaissance historique des paysan\u00b7nes comme sujets de droits et les efforts en cours de r\u00e9forme agraire, tout en reconnaissant de fortes r\u00e9sistances et les limites de la redistribution actuelle. Les repr\u00e9sentants du gouvernement ont d\u00e9nonc\u00e9 les \u00ab pi\u00e8ges \u00bb de la criminalisation, des \u00e9conomies illicites et des politiques de conservation excluantes, et ont propos\u00e9 des r\u00e9formes r\u00e9glementaires pour concilier protection environnementale et moyens de subsistance ruraux.<\/p>\n<p><strong>Des voix issues des mouvements de base d\u2019Afrique, des Am\u00e9riques et d\u2019ailleurs<\/strong> ont mis l\u2019accent sur l\u2019usage collectif des terres, le droit \u00e0 la mobilit\u00e9, les \u00e9conomies solidaires et la d\u00e9fense de la p\u00eache artisanale face au contr\u00f4le des entreprises. Un fil conducteur est apparu : sans organisation sociale forte, mise en \u0153uvre de la paix et action collective, il ne peut y avoir de r\u00e9forme agraire transformatrice.<\/p>\n<p>Lors de la session de l\u2019apr\u00e8s-midi, des <strong>repr\u00e9sentant\u00b7es de 11 organisations ont discut\u00e9 de la situation des droits des communaut\u00e9s sur leurs territoires<\/strong>. Ils ont d\u00e9nonc\u00e9 un contexte mondial marqu\u00e9 par le fascisme, l\u2019imp\u00e9rialisme, la concentration du pouvoir, la guerre et l\u2019acc\u00e9l\u00e9ration des expulsions fonci\u00e8res. Ils ont soulign\u00e9 comment l\u2019extractivisme, le contr\u00f4le des entreprises, les m\u00e9gaprojets d\u2019\u00e9nergies renouvelables et les politiques de conservation aggravent l\u2019accaparement des terres et la crise alimentaire, de la Palestine au Soudan, en Mongolie, en Russie et en Am\u00e9rique latine. Ils ont \u00e9galement mis en avant des victoires et des strat\u00e9gies telles que l\u2019agro\u00e9cologie, la souverainet\u00e9 alimentaire et l\u2019\u00e9conomie sociale et solidaire, visant \u00e0 rapprocher producteurs et consommateurs, \u00e0 raccourcir les cha\u00eenes d\u2019approvisionnement et \u00e0 cr\u00e9er des mod\u00e8les de financement solidaires. Les pasteurs ont revendiqu\u00e9 la reconnaissance des droits collectifs de p\u00e2turage ; les p\u00eacheurs ont interrog\u00e9 le contr\u00f4le des territoires ; les femmes ont soulign\u00e9 que, bien qu\u2019elles produisent la majorit\u00e9 des aliments, elles poss\u00e8dent peu de terres et ont d\u00e9nonc\u00e9 la contradiction des soci\u00e9t\u00e9s patriarcales ; les jeunes ont exig\u00e9 un acc\u00e8s r\u00e9el \u00e0 la terre et des limites \u00e0 la concentration fonci\u00e8re. Mohammed Abdel Rahman Salem Salimiya (Habitat International Coalition) a conclu en d\u00e9non\u00e7ant le g\u00e9nocide en Palestine ainsi que l\u2019accaparement des terres et toutes sortes de violations. Pourtant, la r\u00e9sistance n\u2019est pas bris\u00e9e : elle se construit \u00e0 travers le renforcement continu des mouvements sociaux et des gestes petits mais immenses, comme planter des oliviers. La pl\u00e9ni\u00e8re a r\u00e9pondu par une grande vague de solidarit\u00e9 en scandant : \u201c<strong>From the river to the sea, Palestine will be free!<\/strong>\u201d.<\/p>\n<p>La session finale a \u00e9t\u00e9 consacr\u00e9e \u00e0 la mise en contexte de la prochaine Conf\u00e9rence internationale sur la r\u00e9forme agraire et le d\u00e9veloppement rural (CIRADR), \u00e0 l\u2019analyse des progr\u00e8s r\u00e9alis\u00e9s depuis la premi\u00e8re conf\u00e9rence en 2006 et \u00e0 la pr\u00e9sentation du document de position du CIP pour CIRADR+20 comme guide pour combler les lacunes existantes.<\/p>\n<p style=\"text-align: center;\"><a class=\"btn btn-yellow\" href=\"https:\/\/www.foodsovereignty.org\/fr\/le-cip-publie-son-document-de-position-sur-la-reforme-agraire-avant-licarrd20\/\" target=\"_blank\" rel=\"noopener\">Document de Position<\/a><\/p>\n<p>&nbsp;<\/p>\n<h6><strong>Photos du jour<\/strong><\/h6>\n<p>&nbsp;<\/p>\n<div class=\"swiper slider-gallery swiper-gallery\">\n<div class=\"swiper-wrapper\">\n<div class=\"swiper-slide\">\n<img loading=\"lazy\" decoding=\"async\" src=\"https:\/\/www.foodsovereignty.org\/wp-content\/uploads\/2026\/02\/2b15c4e4-3d9f-4c09-8db8-e78317318319.jpg\" width=\"1600\" height=\"1066\" alt=\"\" \/>\n<\/div>\n<div class=\"swiper-slide\">\n<img loading=\"lazy\" decoding=\"async\" src=\"https:\/\/www.foodsovereignty.org\/wp-content\/uploads\/2026\/02\/3b2958b5-4129-47d5-93da-63d6d24f4049.jpg\" width=\"1280\" height=\"854\" alt=\"\" \/>\n<\/div>\n<div class=\"swiper-slide\">\n<img loading=\"lazy\" decoding=\"async\" src=\"https:\/\/www.foodsovereignty.org\/wp-content\/uploads\/2026\/02\/signal-2026-02-22-154153_007-scaled.jpeg\" width=\"2560\" height=\"1145\" alt=\"\" \/>\n<\/div>\n<div class=\"swiper-slide\">\n<img loading=\"lazy\" decoding=\"async\" src=\"https:\/\/www.foodsovereignty.org\/wp-content\/uploads\/2026\/02\/signal-2026-02-22-164913_003.jpeg\" width=\"1600\" height=\"1067\" alt=\"\" \/>\n<\/div>\n<div class=\"swiper-slide\">\n<img loading=\"lazy\" decoding=\"async\" src=\"https:\/\/www.foodsovereignty.org\/wp-content\/uploads\/2026\/02\/signal-2026-02-22-155020_002.jpeg\" width=\"1600\" height=\"716\" alt=\"\" \/>\n<\/div>\n<div class=\"swiper-slide\">\n<img loading=\"lazy\" decoding=\"async\" src=\"https:\/\/www.foodsovereignty.org\/wp-content\/uploads\/2026\/02\/signal-2026-02-22-162146_002-scaled.jpeg\" width=\"2560\" height=\"1145\" alt=\"\" \/>\n<\/div>\n<div class=\"swiper-slide\">\n<img loading=\"lazy\" decoding=\"async\" src=\"https:\/\/www.foodsovereignty.org\/wp-content\/uploads\/2026\/02\/signal-2026-02-22-205650_002.jpeg\" width=\"1600\" height=\"716\" alt=\"\" \/>\n<\/div>\n<div class=\"swiper-slide\">\n<img loading=\"lazy\" decoding=\"async\" src=\"https:\/\/www.foodsovereignty.org\/wp-content\/uploads\/2026\/02\/signal-2026-02-22-164913_004.jpeg\" width=\"1600\" height=\"1067\" alt=\"\" \/>\n<\/div>\n<div class=\"swiper-slide\">\n<img loading=\"lazy\" decoding=\"async\" src=\"https:\/\/www.foodsovereignty.org\/wp-content\/uploads\/2026\/02\/signal-2026-02-22-154642_003.jpeg\" width=\"1600\" height=\"1201\" alt=\"\" \/>\n<\/div>\n<div class=\"swiper-slide\">\n<img loading=\"lazy\" decoding=\"async\" src=\"https:\/\/www.foodsovereignty.org\/wp-content\/uploads\/2026\/02\/signal-2026-02-22-154725_005-scaled.jpeg\" width=\"2560\" height=\"1145\" alt=\"\" \/>\n<\/div>\n<div class=\"swiper-slide\">\n<img loading=\"lazy\" decoding=\"async\" src=\"https:\/\/www.foodsovereignty.org\/wp-content\/uploads\/2026\/02\/signal-2026-02-22-205531_002-scaled.jpeg\" width=\"2560\" height=\"1145\" alt=\"\" \/>\n<\/div>\n<div class=\"swiper-slide\">\n<img loading=\"lazy\" decoding=\"async\" src=\"https:\/\/www.foodsovereignty.org\/wp-content\/uploads\/2026\/02\/signal-2026-02-22-231622_002-scaled.jpeg\" width=\"2560\" height=\"1145\" alt=\"\" \/>\n<\/div>\n<div class=\"swiper-slide\">\n<img loading=\"lazy\" decoding=\"async\" src=\"https:\/\/www.foodsovereignty.org\/wp-content\/uploads\/2026\/02\/signal-2026-02-22-234223_025.jpeg\" width=\"1600\" height=\"1066\" alt=\"\" \/>\n<\/div>\n<div class=\"swiper-slide\">\n<img loading=\"lazy\" decoding=\"async\" src=\"https:\/\/www.foodsovereignty.org\/wp-content\/uploads\/2026\/02\/signal-2026-02-22-234223_024.jpeg\" width=\"1600\" height=\"1066\" alt=\"\" \/>\n<\/div>\n<div class=\"swiper-slide\">\n<img loading=\"lazy\" decoding=\"async\" src=\"https:\/\/www.foodsovereignty.org\/wp-content\/uploads\/2026\/02\/signal-2026-02-22-234223_016.jpeg\" width=\"1600\" height=\"1066\" alt=\"\" \/>\n<\/div>\n<div class=\"swiper-slide\">\n<img loading=\"lazy\" decoding=\"async\" src=\"https:\/\/www.foodsovereignty.org\/wp-content\/uploads\/2026\/02\/signal-2026-02-22-234223_015.jpeg\" width=\"1600\" height=\"820\" alt=\"\" \/>\n<\/div>\n<div class=\"swiper-slide\">\n<img loading=\"lazy\" decoding=\"async\" src=\"https:\/\/www.foodsovereignty.org\/wp-content\/uploads\/2026\/02\/signal-2026-02-22-234223_013.jpeg\" width=\"1600\" height=\"1066\" alt=\"\" \/>\n<\/div>\n<div class=\"swiper-slide\">\n<img loading=\"lazy\" decoding=\"async\" src=\"https:\/\/www.foodsovereignty.org\/wp-content\/uploads\/2026\/02\/1.jpeg\" width=\"1600\" height=\"1066\" alt=\"\" \/>\n<\/div>\n<\/div>\n<div class=\"swiper-pagination\"><\/div>\n<\/div>\n\n<hr \/>\n<h6>21 f\u00e9vrier<\/h6>\n<p>&nbsp;<\/p>\n<h4><strong>Les mouvements sociaux et les peuples autochtones se r\u00e9unissent en Colombie pour r\u00e9clamer une r\u00e9forme agraire r\u00e9elle et transformatrice<\/strong><\/h4>\n<p data-start=\"1445\" data-end=\"2363\">Le <strong>Comit\u00e9 international de planification pour la souverainet\u00e9 alimentaire<\/strong>, \u00e0 travers son <strong>Groupe de travail sur la Terre et les Territoires<\/strong>, coordonne la participation des organisations paysannes et des Peuples Autoctones\u00a0\u00e0 la deuxi\u00e8me <strong>Conf\u00e9rence internationale sur la r\u00e9forme agraire et le d\u00e9veloppement rural (CIRADR+20)<\/strong>, organis\u00e9e par le Gouvernement de la R\u00e9publique de Colombie et qui se tiendra \u00e0 Carthag\u00e8ne, Colombie, du 24 au 28 f\u00e9vrier 2026. Vingt ans apr\u00e8s la premi\u00e8re CIRADR, la terre, l\u2019eau, les for\u00eats et les oc\u00e9ans sont de plus en plus concentr\u00e9s entre les mains des corporations et des acteurs financiers, entra\u00eenant d\u00e9possession, in\u00e9galit\u00e9s et effondrement \u00e9cologique. Les petits producteurs\/trices, les Peuples Autoctones, les pasteur\u00b7es, les p\u00eacheur\u00b7euses artisanaux\u00b7ales, les femmes rurales et les travailleur\u00b7euses continuent d\u2019\u00eatre exclu\u00b7es de leurs territoires et des espaces d\u00e9cisionnels.<\/p>\n<p data-start=\"2365\" data-end=\"2898\" data-is-last-node=\"\" data-is-only-node=\"\">C\u2019est pourquoi, avant la Conf\u00e9rence, le CIP organise un <strong data-start=\"2421\" data-end=\"2468\">Forum des Peuples et des Mouvements Sociaux<\/strong> de deux jours (22-23 f\u00e9vrier), pr\u00e9c\u00e9d\u00e9 d\u2019une <strong>Conf\u00e9rence acad\u00e9mique<\/strong> r\u00e9unissant des chercheur\u00b7euses et des militant\u00b7es acad\u00e9miques.<\/p>\n<p style=\"text-align: center;\"><a class=\"btn btn-yellow\" href=\"https:\/\/www.foodsovereignty.org\/wp-content\/uploads\/2026\/02\/FINAL-PROGRAMME_Forum-of-Peoples-and-Social-Movements.pdf\" target=\"_blank\" rel=\"noopener\">Program of the Forum (EN)<\/a> <a class=\"btn btn-yellow\" href=\"https:\/\/www.foodsovereignty.org\/wp-content\/uploads\/2026\/02\/PROGRAMA-FINAL_Foro-de-los-Pueblos-y-movimientos-sociales.pdf\" target=\"_blank\" rel=\"noopener\">Programa del Foro (ES)<\/a><\/p>\n<p data-start=\"2365\" data-end=\"2898\" data-is-last-node=\"\" data-is-only-node=\"\">Nous couvrirons l\u2019\u00e9v\u00e9nement en mettant \u00e0 jour cette page jour apr\u00e8s jour. Pour en savoir plus sur notre travail, visitez la page du groupe de travail du CIP sur la Terre et les Territoires ou t\u00e9l\u00e9chargez le document de position du CIP sur la r\u00e9forme agraire transformative et le d\u00e9veloppement rural.<\/p>\n<p style=\"text-align: center;\" data-start=\"2365\" data-end=\"2898\" data-is-last-node=\"\" data-is-only-node=\"\"><a class=\"btn btn-yellow\" href=\"https:\/\/www.foodsovereignty.org\/fr\/land-forests-water-and-territory\/\" target=\"_blank\" rel=\"noopener\">GT du CIP sur la Terre<\/a> <a class=\"btn btn-yellow\" href=\"https:\/\/www.foodsovereignty.org\/fr\/le-cip-publie-son-document-de-position-sur-la-reforme-agraire-avant-licarrd20\/\" target=\"_blank\" rel=\"noopener\">Document de Position<\/a><\/p>\n<p data-start=\"2365\" data-end=\"2898\" data-is-last-node=\"\" data-is-only-node=\"\">\n","protected":false},"excerpt":{"rendered":"<p>28 f\u00e9vrier &nbsp; CIRADR+20: Dernier jour &nbsp; Ce fut une coupe am\u00e8re \u00e0 avaler. Pas seulement celle que nous avons bue ce matin dans la salle \u00e0 manger de l\u2019h\u00f4tel, mais aussi \u2013 et plus m\u00e9taphoriquement \u2013 celle servie aux Peuples Autochtones et aux mouvements sociaux par les gouvernements le dernier jour de cette Conf\u00e9rence [&hellip;]<\/p>\n","protected":false},"author":7,"featured_media":5082,"comment_status":"closed","ping_status":"closed","sticky":false,"template":"","format":"standard","meta":{"_acf_changed":false,"footnotes":""},"categories":[57],"tags":[428,445],"class_list":["post-5088","post","type-post","status-publish","format-standard","has-post-thumbnail","hentry","category-nouvelles","tag-ciradr20-fr","tag-reforme-agraire","working_groups_tax-land-forests-water-and-territory"],"acf":[],"yoast_head":"<!-- This site is optimized with the Yoast SEO plugin v27.4 - https:\/\/yoast.com\/product\/yoast-seo-wordpress\/ -->\n<title>ICARRD+20: suivez notre couverture quotidienne<\/title>\n<meta name=\"description\" content=\"Le journal du CIP depuis la deuxi\u00e8me Conf\u00e9rence internationale sur la r\u00e9forme agraire (ICARRD+20) et le Forum des Peuples&amp;Mouvements Sociaux\" \/>\n<meta name=\"robots\" content=\"index, follow, max-snippet:-1, max-image-preview:large, max-video-preview:-1\" \/>\n<link rel=\"canonical\" href=\"https:\/\/www.foodsovereignty.org\/fr\/notre-journal-de-la-ciradr20-et-du-forum-des-peuples-et-des-mouvements-sociaux\/\" \/>\n<meta property=\"og:locale\" content=\"fr_FR\" \/>\n<meta property=\"og:type\" content=\"article\" \/>\n<meta property=\"og:title\" content=\"ICARRD+20: suivez notre couverture quotidienne\" \/>\n<meta property=\"og:description\" content=\"Le journal du CIP depuis la deuxi\u00e8me Conf\u00e9rence internationale sur la r\u00e9forme agraire (ICARRD+20) et le Forum des Peuples&amp;Mouvements Sociaux\" \/>\n<meta property=\"og:url\" content=\"https:\/\/www.foodsovereignty.org\/fr\/notre-journal-de-la-ciradr20-et-du-forum-des-peuples-et-des-mouvements-sociaux\/\" \/>\n<meta property=\"og:site_name\" content=\"International Planning Committee for Food Sovereignty (IPC)\" \/>\n<meta property=\"article:published_time\" content=\"2026-02-21T16:08:25+00:00\" \/>\n<meta property=\"article:modified_time\" content=\"2026-03-01T02:02:51+00:00\" \/>\n<meta property=\"og:image\" content=\"https:\/\/www.foodsovereignty.org\/wp-content\/uploads\/2026\/02\/Cover-PIC_ICARRD_IPC.jpg\" \/>\n\t<meta property=\"og:image:width\" content=\"2000\" \/>\n\t<meta property=\"og:image:height\" content=\"1125\" \/>\n\t<meta property=\"og:image:type\" content=\"image\/jpeg\" \/>\n<meta name=\"author\" content=\"IPC comms\" \/>\n<meta name=\"twitter:card\" content=\"summary_large_image\" \/>\n<meta name=\"twitter:label1\" content=\"\u00c9crit par\" \/>\n\t<meta name=\"twitter:data1\" content=\"IPC comms\" \/>\n\t<meta name=\"twitter:label2\" content=\"Dur\u00e9e de lecture estim\u00e9e\" \/>\n\t<meta name=\"twitter:data2\" content=\"28 minutes\" \/>\n<script type=\"application\/ld+json\" class=\"yoast-schema-graph\">{\"@context\":\"https:\\\/\\\/schema.org\",\"@graph\":[{\"@type\":\"Article\",\"@id\":\"https:\\\/\\\/www.foodsovereignty.org\\\/fr\\\/notre-journal-de-la-ciradr20-et-du-forum-des-peuples-et-des-mouvements-sociaux\\\/#article\",\"isPartOf\":{\"@id\":\"https:\\\/\\\/www.foodsovereignty.org\\\/fr\\\/notre-journal-de-la-ciradr20-et-du-forum-des-peuples-et-des-mouvements-sociaux\\\/\"},\"author\":{\"name\":\"IPC comms\",\"@id\":\"https:\\\/\\\/www.foodsovereignty.org\\\/fr\\\/#\\\/schema\\\/person\\\/c5d86d7101c42543207204332399e87e\"},\"headline\":\"Notre journal de la CIRADR+20 et du Forum des Peuples et des Mouvements Sociaux\",\"datePublished\":\"2026-02-21T16:08:25+00:00\",\"dateModified\":\"2026-03-01T02:02:51+00:00\",\"mainEntityOfPage\":{\"@id\":\"https:\\\/\\\/www.foodsovereignty.org\\\/fr\\\/notre-journal-de-la-ciradr20-et-du-forum-des-peuples-et-des-mouvements-sociaux\\\/\"},\"wordCount\":6872,\"image\":{\"@id\":\"https:\\\/\\\/www.foodsovereignty.org\\\/fr\\\/notre-journal-de-la-ciradr20-et-du-forum-des-peuples-et-des-mouvements-sociaux\\\/#primaryimage\"},\"thumbnailUrl\":\"https:\\\/\\\/www.foodsovereignty.org\\\/wp-content\\\/uploads\\\/2026\\\/02\\\/Cover-PIC_ICARRD_IPC.jpg\",\"keywords\":[\"CIRADR+20\",\"r\u00e9forme agraire\"],\"articleSection\":[\"Nouvelles\"],\"inLanguage\":\"fr-FR\"},{\"@type\":\"WebPage\",\"@id\":\"https:\\\/\\\/www.foodsovereignty.org\\\/fr\\\/notre-journal-de-la-ciradr20-et-du-forum-des-peuples-et-des-mouvements-sociaux\\\/\",\"url\":\"https:\\\/\\\/www.foodsovereignty.org\\\/fr\\\/notre-journal-de-la-ciradr20-et-du-forum-des-peuples-et-des-mouvements-sociaux\\\/\",\"name\":\"ICARRD+20: suivez notre couverture quotidienne\",\"isPartOf\":{\"@id\":\"https:\\\/\\\/www.foodsovereignty.org\\\/fr\\\/#website\"},\"primaryImageOfPage\":{\"@id\":\"https:\\\/\\\/www.foodsovereignty.org\\\/fr\\\/notre-journal-de-la-ciradr20-et-du-forum-des-peuples-et-des-mouvements-sociaux\\\/#primaryimage\"},\"image\":{\"@id\":\"https:\\\/\\\/www.foodsovereignty.org\\\/fr\\\/notre-journal-de-la-ciradr20-et-du-forum-des-peuples-et-des-mouvements-sociaux\\\/#primaryimage\"},\"thumbnailUrl\":\"https:\\\/\\\/www.foodsovereignty.org\\\/wp-content\\\/uploads\\\/2026\\\/02\\\/Cover-PIC_ICARRD_IPC.jpg\",\"datePublished\":\"2026-02-21T16:08:25+00:00\",\"dateModified\":\"2026-03-01T02:02:51+00:00\",\"author\":{\"@id\":\"https:\\\/\\\/www.foodsovereignty.org\\\/fr\\\/#\\\/schema\\\/person\\\/c5d86d7101c42543207204332399e87e\"},\"description\":\"Le journal du CIP depuis la deuxi\u00e8me Conf\u00e9rence internationale sur la r\u00e9forme agraire (ICARRD+20) et le Forum des Peuples&Mouvements Sociaux\",\"breadcrumb\":{\"@id\":\"https:\\\/\\\/www.foodsovereignty.org\\\/fr\\\/notre-journal-de-la-ciradr20-et-du-forum-des-peuples-et-des-mouvements-sociaux\\\/#breadcrumb\"},\"inLanguage\":\"fr-FR\",\"potentialAction\":[{\"@type\":\"ReadAction\",\"target\":[\"https:\\\/\\\/www.foodsovereignty.org\\\/fr\\\/notre-journal-de-la-ciradr20-et-du-forum-des-peuples-et-des-mouvements-sociaux\\\/\"]}]},{\"@type\":\"ImageObject\",\"inLanguage\":\"fr-FR\",\"@id\":\"https:\\\/\\\/www.foodsovereignty.org\\\/fr\\\/notre-journal-de-la-ciradr20-et-du-forum-des-peuples-et-des-mouvements-sociaux\\\/#primaryimage\",\"url\":\"https:\\\/\\\/www.foodsovereignty.org\\\/wp-content\\\/uploads\\\/2026\\\/02\\\/Cover-PIC_ICARRD_IPC.jpg\",\"contentUrl\":\"https:\\\/\\\/www.foodsovereignty.org\\\/wp-content\\\/uploads\\\/2026\\\/02\\\/Cover-PIC_ICARRD_IPC.jpg\",\"width\":2000,\"height\":1125},{\"@type\":\"BreadcrumbList\",\"@id\":\"https:\\\/\\\/www.foodsovereignty.org\\\/fr\\\/notre-journal-de-la-ciradr20-et-du-forum-des-peuples-et-des-mouvements-sociaux\\\/#breadcrumb\",\"itemListElement\":[{\"@type\":\"ListItem\",\"position\":1,\"name\":\"Home\",\"item\":\"https:\\\/\\\/www.foodsovereignty.org\\\/fr\\\/\"},{\"@type\":\"ListItem\",\"position\":2,\"name\":\"Notre journal de la CIRADR+20 et du Forum des Peuples et des Mouvements Sociaux\"}]},{\"@type\":\"WebSite\",\"@id\":\"https:\\\/\\\/www.foodsovereignty.org\\\/fr\\\/#website\",\"url\":\"https:\\\/\\\/www.foodsovereignty.org\\\/fr\\\/\",\"name\":\"International Planning Committee for Food Sovereignty (IPC)\",\"description\":\"\",\"potentialAction\":[{\"@type\":\"SearchAction\",\"target\":{\"@type\":\"EntryPoint\",\"urlTemplate\":\"https:\\\/\\\/www.foodsovereignty.org\\\/fr\\\/?s={search_term_string}\"},\"query-input\":{\"@type\":\"PropertyValueSpecification\",\"valueRequired\":true,\"valueName\":\"search_term_string\"}}],\"inLanguage\":\"fr-FR\"},{\"@type\":\"Person\",\"@id\":\"https:\\\/\\\/www.foodsovereignty.org\\\/fr\\\/#\\\/schema\\\/person\\\/c5d86d7101c42543207204332399e87e\",\"name\":\"IPC comms\",\"image\":{\"@type\":\"ImageObject\",\"inLanguage\":\"fr-FR\",\"@id\":\"https:\\\/\\\/secure.gravatar.com\\\/avatar\\\/383f0d7b56f08da80de57d5d3281a5757594759261b9b8cdeb29616624681e03?s=96&d=mm&r=g\",\"url\":\"https:\\\/\\\/secure.gravatar.com\\\/avatar\\\/383f0d7b56f08da80de57d5d3281a5757594759261b9b8cdeb29616624681e03?s=96&d=mm&r=g\",\"contentUrl\":\"https:\\\/\\\/secure.gravatar.com\\\/avatar\\\/383f0d7b56f08da80de57d5d3281a5757594759261b9b8cdeb29616624681e03?s=96&d=mm&r=g\",\"caption\":\"IPC comms\"},\"url\":\"https:\\\/\\\/www.foodsovereignty.org\\\/fr\\\/author\\\/ipc-comms\\\/\"}]}<\/script>\n<!-- \/ Yoast SEO plugin. -->","yoast_head_json":{"title":"ICARRD+20: suivez notre couverture quotidienne","description":"Le journal du CIP depuis la deuxi\u00e8me Conf\u00e9rence internationale sur la r\u00e9forme agraire (ICARRD+20) et le Forum des Peuples&Mouvements Sociaux","robots":{"index":"index","follow":"follow","max-snippet":"max-snippet:-1","max-image-preview":"max-image-preview:large","max-video-preview":"max-video-preview:-1"},"canonical":"https:\/\/www.foodsovereignty.org\/fr\/notre-journal-de-la-ciradr20-et-du-forum-des-peuples-et-des-mouvements-sociaux\/","og_locale":"fr_FR","og_type":"article","og_title":"ICARRD+20: suivez notre couverture quotidienne","og_description":"Le journal du CIP depuis la deuxi\u00e8me Conf\u00e9rence internationale sur la r\u00e9forme agraire (ICARRD+20) et le Forum des Peuples&Mouvements Sociaux","og_url":"https:\/\/www.foodsovereignty.org\/fr\/notre-journal-de-la-ciradr20-et-du-forum-des-peuples-et-des-mouvements-sociaux\/","og_site_name":"International Planning Committee for Food Sovereignty (IPC)","article_published_time":"2026-02-21T16:08:25+00:00","article_modified_time":"2026-03-01T02:02:51+00:00","og_image":[{"width":2000,"height":1125,"url":"https:\/\/www.foodsovereignty.org\/wp-content\/uploads\/2026\/02\/Cover-PIC_ICARRD_IPC.jpg","type":"image\/jpeg"}],"author":"IPC comms","twitter_card":"summary_large_image","twitter_misc":{"\u00c9crit par":"IPC comms","Dur\u00e9e de lecture estim\u00e9e":"28 minutes"},"schema":{"@context":"https:\/\/schema.org","@graph":[{"@type":"Article","@id":"https:\/\/www.foodsovereignty.org\/fr\/notre-journal-de-la-ciradr20-et-du-forum-des-peuples-et-des-mouvements-sociaux\/#article","isPartOf":{"@id":"https:\/\/www.foodsovereignty.org\/fr\/notre-journal-de-la-ciradr20-et-du-forum-des-peuples-et-des-mouvements-sociaux\/"},"author":{"name":"IPC comms","@id":"https:\/\/www.foodsovereignty.org\/fr\/#\/schema\/person\/c5d86d7101c42543207204332399e87e"},"headline":"Notre journal de la CIRADR+20 et du Forum des Peuples et des Mouvements Sociaux","datePublished":"2026-02-21T16:08:25+00:00","dateModified":"2026-03-01T02:02:51+00:00","mainEntityOfPage":{"@id":"https:\/\/www.foodsovereignty.org\/fr\/notre-journal-de-la-ciradr20-et-du-forum-des-peuples-et-des-mouvements-sociaux\/"},"wordCount":6872,"image":{"@id":"https:\/\/www.foodsovereignty.org\/fr\/notre-journal-de-la-ciradr20-et-du-forum-des-peuples-et-des-mouvements-sociaux\/#primaryimage"},"thumbnailUrl":"https:\/\/www.foodsovereignty.org\/wp-content\/uploads\/2026\/02\/Cover-PIC_ICARRD_IPC.jpg","keywords":["CIRADR+20","r\u00e9forme agraire"],"articleSection":["Nouvelles"],"inLanguage":"fr-FR"},{"@type":"WebPage","@id":"https:\/\/www.foodsovereignty.org\/fr\/notre-journal-de-la-ciradr20-et-du-forum-des-peuples-et-des-mouvements-sociaux\/","url":"https:\/\/www.foodsovereignty.org\/fr\/notre-journal-de-la-ciradr20-et-du-forum-des-peuples-et-des-mouvements-sociaux\/","name":"ICARRD+20: suivez notre couverture quotidienne","isPartOf":{"@id":"https:\/\/www.foodsovereignty.org\/fr\/#website"},"primaryImageOfPage":{"@id":"https:\/\/www.foodsovereignty.org\/fr\/notre-journal-de-la-ciradr20-et-du-forum-des-peuples-et-des-mouvements-sociaux\/#primaryimage"},"image":{"@id":"https:\/\/www.foodsovereignty.org\/fr\/notre-journal-de-la-ciradr20-et-du-forum-des-peuples-et-des-mouvements-sociaux\/#primaryimage"},"thumbnailUrl":"https:\/\/www.foodsovereignty.org\/wp-content\/uploads\/2026\/02\/Cover-PIC_ICARRD_IPC.jpg","datePublished":"2026-02-21T16:08:25+00:00","dateModified":"2026-03-01T02:02:51+00:00","author":{"@id":"https:\/\/www.foodsovereignty.org\/fr\/#\/schema\/person\/c5d86d7101c42543207204332399e87e"},"description":"Le journal du CIP depuis la deuxi\u00e8me Conf\u00e9rence internationale sur la r\u00e9forme agraire (ICARRD+20) et le Forum des Peuples&Mouvements Sociaux","breadcrumb":{"@id":"https:\/\/www.foodsovereignty.org\/fr\/notre-journal-de-la-ciradr20-et-du-forum-des-peuples-et-des-mouvements-sociaux\/#breadcrumb"},"inLanguage":"fr-FR","potentialAction":[{"@type":"ReadAction","target":["https:\/\/www.foodsovereignty.org\/fr\/notre-journal-de-la-ciradr20-et-du-forum-des-peuples-et-des-mouvements-sociaux\/"]}]},{"@type":"ImageObject","inLanguage":"fr-FR","@id":"https:\/\/www.foodsovereignty.org\/fr\/notre-journal-de-la-ciradr20-et-du-forum-des-peuples-et-des-mouvements-sociaux\/#primaryimage","url":"https:\/\/www.foodsovereignty.org\/wp-content\/uploads\/2026\/02\/Cover-PIC_ICARRD_IPC.jpg","contentUrl":"https:\/\/www.foodsovereignty.org\/wp-content\/uploads\/2026\/02\/Cover-PIC_ICARRD_IPC.jpg","width":2000,"height":1125},{"@type":"BreadcrumbList","@id":"https:\/\/www.foodsovereignty.org\/fr\/notre-journal-de-la-ciradr20-et-du-forum-des-peuples-et-des-mouvements-sociaux\/#breadcrumb","itemListElement":[{"@type":"ListItem","position":1,"name":"Home","item":"https:\/\/www.foodsovereignty.org\/fr\/"},{"@type":"ListItem","position":2,"name":"Notre journal de la CIRADR+20 et du Forum des Peuples et des Mouvements Sociaux"}]},{"@type":"WebSite","@id":"https:\/\/www.foodsovereignty.org\/fr\/#website","url":"https:\/\/www.foodsovereignty.org\/fr\/","name":"International Planning Committee for Food Sovereignty (IPC)","description":"","potentialAction":[{"@type":"SearchAction","target":{"@type":"EntryPoint","urlTemplate":"https:\/\/www.foodsovereignty.org\/fr\/?s={search_term_string}"},"query-input":{"@type":"PropertyValueSpecification","valueRequired":true,"valueName":"search_term_string"}}],"inLanguage":"fr-FR"},{"@type":"Person","@id":"https:\/\/www.foodsovereignty.org\/fr\/#\/schema\/person\/c5d86d7101c42543207204332399e87e","name":"IPC comms","image":{"@type":"ImageObject","inLanguage":"fr-FR","@id":"https:\/\/secure.gravatar.com\/avatar\/383f0d7b56f08da80de57d5d3281a5757594759261b9b8cdeb29616624681e03?s=96&d=mm&r=g","url":"https:\/\/secure.gravatar.com\/avatar\/383f0d7b56f08da80de57d5d3281a5757594759261b9b8cdeb29616624681e03?s=96&d=mm&r=g","contentUrl":"https:\/\/secure.gravatar.com\/avatar\/383f0d7b56f08da80de57d5d3281a5757594759261b9b8cdeb29616624681e03?s=96&d=mm&r=g","caption":"IPC comms"},"url":"https:\/\/www.foodsovereignty.org\/fr\/author\/ipc-comms\/"}]}},"_links":{"self":[{"href":"https:\/\/www.foodsovereignty.org\/fr\/wp-json\/wp\/v2\/posts\/5088","targetHints":{"allow":["GET"]}}],"collection":[{"href":"https:\/\/www.foodsovereignty.org\/fr\/wp-json\/wp\/v2\/posts"}],"about":[{"href":"https:\/\/www.foodsovereignty.org\/fr\/wp-json\/wp\/v2\/types\/post"}],"author":[{"embeddable":true,"href":"https:\/\/www.foodsovereignty.org\/fr\/wp-json\/wp\/v2\/users\/7"}],"replies":[{"embeddable":true,"href":"https:\/\/www.foodsovereignty.org\/fr\/wp-json\/wp\/v2\/comments?post=5088"}],"version-history":[{"count":28,"href":"https:\/\/www.foodsovereignty.org\/fr\/wp-json\/wp\/v2\/posts\/5088\/revisions"}],"predecessor-version":[{"id":5387,"href":"https:\/\/www.foodsovereignty.org\/fr\/wp-json\/wp\/v2\/posts\/5088\/revisions\/5387"}],"wp:featuredmedia":[{"embeddable":true,"href":"https:\/\/www.foodsovereignty.org\/fr\/wp-json\/wp\/v2\/media\/5082"}],"wp:attachment":[{"href":"https:\/\/www.foodsovereignty.org\/fr\/wp-json\/wp\/v2\/media?parent=5088"}],"wp:term":[{"taxonomy":"category","embeddable":true,"href":"https:\/\/www.foodsovereignty.org\/fr\/wp-json\/wp\/v2\/categories?post=5088"},{"taxonomy":"post_tag","embeddable":true,"href":"https:\/\/www.foodsovereignty.org\/fr\/wp-json\/wp\/v2\/tags?post=5088"}],"curies":[{"name":"wp","href":"https:\/\/api.w.org\/{rel}","templated":true}]}}