{"id":5398,"date":"2026-03-09T15:25:39","date_gmt":"2026-03-09T15:25:39","guid":{"rendered":"https:\/\/www.foodsovereignty.org\/?p=5398"},"modified":"2026-03-10T10:11:53","modified_gmt":"2026-03-10T10:11:53","slug":"les-pecheurs-artisanaux-reclament-droits-reconnaissance-et-participation-au-cofifm-2026","status":"publish","type":"post","link":"https:\/\/www.foodsovereignty.org\/fr\/les-pecheurs-artisanaux-reclament-droits-reconnaissance-et-participation-au-cofifm-2026\/","title":{"rendered":"Les p\u00eacheurs artisanaux r\u00e9clament droits, reconnaissance et participation au COFI:FM 2026"},"content":{"rendered":"<p><strong>Groupe de travail CIP sur la p\u00eache au COFI:FM 2026<\/strong><\/p>\n<p><strong>Reykjav\u00edk, Islande | 22\u201327 f\u00e9vrier 2026<\/strong><\/p>\n<p>Le groupe de travail sur la p\u00eache du Comit\u00e9 international de planification pour la souverainet\u00e9 alimentaire (CIP) a particip\u00e9 \u00e0 la deuxi\u00e8me session du <strong>Sous-comit\u00e9 sur la gestion des p\u00eaches<\/strong> (<strong>COFI:FM<\/strong>) de l\u2019Organisation des Nations Unies pour l\u2019alimentation et l\u2019agriculture (FAO) \u00e0 Reykjav\u00edk, en Islande. Une petite d\u00e9l\u00e9gation du groupe de travail CIP sur la p\u00eache, compos\u00e9e de Chief Gary (IITC), Margaret Nakato (WFF) et Lider Gongora (WFFP), s\u2019est activement engag\u00e9e afin de garantir que les voix des p\u00eacheurs artisanaux, des travailleurs de la p\u00eache, des collecteurs et des peuples autochtones soient entendues dans les discussions mondiales sur la gestion des p\u00eaches. Par notre participation, nous avons r\u00e9it\u00e9r\u00e9 notre volont\u00e9 de nous engager dans un dialogue politique et de construire conjointement des politiques publiques qui reconnaissent le r\u00f4le central des peuples des mangroves, des mers, des rivi\u00e8res, des eaux int\u00e9rieures et des oc\u00e9ans.<\/p>\n<p>La deuxi\u00e8me session du COFI:FM se concentre sur les politiques de gestion des p\u00eaches, avec une attention particuli\u00e8re \u00e0 la conservation et \u00e0 l\u2019utilisation durable des stocks halieutiques, \u00e0 la gestion multispecies, \u00e0 la capacit\u00e9 des flottes, \u00e0 la gouvernance r\u00e9gionale des p\u00eaches et \u00e0 la dimension sociale de la p\u00eache. Pour nous, une gestion efficace des p\u00eaches ne peut exister sans garantir les droits fonciers coutumiers, reconna\u00eetre les syst\u00e8mes de connaissances traditionnelles et autochtones, et promouvoir une participation inform\u00e9e et effective des p\u00eacheurs \u00e0 la gestion des p\u00eaches.<\/p>\n<p>Tout au long des discussions pl\u00e9ni\u00e8res, nous avons soulign\u00e9 le lien intrins\u00e8que que les peuples des mangroves, de la mer et de toutes les eaux entretiennent spirituellement, culturellement et \u00e9conomiquement avec leurs territoires et leurs ressources naturelles. Dans de nombreux pays, les p\u00eacheurs artisanaux et les peuples autochtones sont confront\u00e9s \u00e0 la d\u00e9possession, \u00e0 l\u2019accaparement de l\u2019eau et des terres. Ceux-ci sont caus\u00e9s par l\u2019expansion de l\u2019aquaculture industrielle, le p\u00e9trole et le gaz, la conservation excluante, le tourisme \u00e0 grande \u00e9chelle et l\u2019\u00e9conomie bleue. Restaurer et reconna\u00eetre les droits coutumiers et collectifs de tenure est la seule voie vers une gouvernance durable et une gestion des <strong>p\u00eaches a petite \u00e9chelle<\/strong>.<\/p>\n<p style=\"text-align: center;\"><a class=\"btn btn-yellow\" href=\"https:\/\/www.foodsovereignty.org\/wp-content\/uploads\/2026\/03\/Statements_IPC_SSF_WG_COFI.FM2026.pdf\">Lire les declarations du CIP<\/a><\/p>\n<p>Nous avons appel\u00e9 \u00e0 garantir la reconnaissance formelle des p\u00eacheurs artisanaux, des travailleurs de la p\u00eache, des collecteurs, des Peuples Autochtones et en particulier des femmes, dont le travail reste largement invisible, en tant que d\u00e9tenteurs de droits et acteurs politiques fondamentaux. Une participation effective et significative doit remplacer les consultations symboliques. La gouvernance des p\u00eaches doit \u00e9voluer vers l\u2019int\u00e9gration formelle des organisations de base \u2014 telles que les coop\u00e9ratives, les comit\u00e9s locaux et les associations de femmes \u2014 dans les cadres r\u00e9glementaires et les processus d\u00e9cisionnels.<\/p>\n<p>Les peuples p\u00eacheurs sont des gardiens de l\u2019environnement, des d\u00e9positaires des eaux int\u00e9rieures et c\u00f4ti\u00e8res et des terres adjacentes, avec des connaissances traditionnelles diverses, de l\u2019exp\u00e9rience et de bonnes pratiques qui leur ont permis de nourrir leurs communaut\u00e9s, de maintenir des stocks halieutiques sains, de pr\u00e9server la biodiversit\u00e9 locale et de maintenir des moyens de subsistance pendant des g\u00e9n\u00e9rations.<\/p>\n<p>Le groupe de travail CIP sur la p\u00eache a soulign\u00e9 qu\u2019en 2014, les gouvernements ont pris un engagement envers la p\u00eache artisanale en approuvant les Directives volontaires de la FAO pour assurer la durabilit\u00e9 de la p\u00eache artisanale dans le contexte de la s\u00e9curit\u00e9 alimentaire et de l\u2019\u00e9radication de la pauvret\u00e9 (Directives SSF). Leur mise en \u0153uvre est essentielle pour nos vies et nos moyens de subsistance, et pour garantir le droit \u00e0 l\u2019alimentation et l\u2019acc\u00e8s aux ressources.<\/p>\n<p>En coh\u00e9rence avec les d\u00e9lib\u00e9rations du Sous-comit\u00e9 du COFI sur la gestion des p\u00eaches (COFI:FM) en 2024, qui ont r\u00e9it\u00e9r\u00e9 le besoin urgent pour la FAO de soutenir la mise en \u0153uvre des Directives SSF, le groupe de travail CIP sur la p\u00eache a appel\u00e9 tous les \u00c9tats membres \u00e0 r\u00e9affirmer leur engagement envers le Cadre strat\u00e9gique mondial pour soutenir la mise en \u0153uvre des Directives SSF (SSF-GSF) comme m\u00e9canisme de collaboration au niveau mondial pour faire progresser la mise en \u0153uvre des Directives SSF et garantir l\u2019inclusion des p\u00eacheurs artisanaux et des peuples autochtones dans les dialogues politiques.<\/p>\n<p>Les p\u00eacheurs artisanaux, les r\u00e9coltants, les collecteurs, les transformateurs, les peuples autochtones, y compris les femmes et les jeunes, ne sont pas seulement des parties prenantes dans la gouvernance des p\u00eaches \u2014 ils sont des d\u00e9tenteurs de droits et des gardiens des eaux vivantes. Nous continuerons \u00e0 r\u00e9sister et \u00e0 lutter pour la souverainet\u00e9 alimentaire afin de construire des soci\u00e9t\u00e9s justes et des syst\u00e8mes alimentaires durables et r\u00e9silients dans le monde entier.<\/p>\n","protected":false},"excerpt":{"rendered":"<p>Groupe de travail CIP sur la p\u00eache au COFI:FM 2026 Reykjav\u00edk, Islande | 22\u201327 f\u00e9vrier 2026 Le groupe de travail sur la p\u00eache du Comit\u00e9 international de planification pour la souverainet\u00e9 alimentaire (CIP) a particip\u00e9 \u00e0 la deuxi\u00e8me session du Sous-comit\u00e9 sur la gestion des p\u00eaches (COFI:FM) de l\u2019Organisation des Nations Unies pour l\u2019alimentation et [&hellip;]<\/p>\n","protected":false},"author":7,"featured_media":5392,"comment_status":"closed","ping_status":"closed","sticky":false,"template":"","format":"standard","meta":{"_acf_changed":false,"footnotes":""},"categories":[57],"tags":[371],"class_list":["post-5398","post","type-post","status-publish","format-standard","has-post-thumbnail","hentry","category-nouvelles","tag-cofi-fr","working_groups_tax-fisheries"],"acf":[],"yoast_head":"<!-- This site is optimized with the Yoast SEO plugin v27.4 - https:\/\/yoast.com\/product\/yoast-seo-wordpress\/ -->\n<title>Les petit p\u00eacheurs r\u00e9clament droits et participation au COFI:FM<\/title>\n<meta name=\"description\" content=\"Au COFI:FM 2026, le CIP a demand\u00e9 reconnaissance des droits des p\u00eacheurs artisanaux, mise en \u0153uvre des Directives SSF\" \/>\n<meta name=\"robots\" content=\"index, follow, max-snippet:-1, max-image-preview:large, max-video-preview:-1\" \/>\n<link rel=\"canonical\" href=\"https:\/\/www.foodsovereignty.org\/fr\/les-pecheurs-artisanaux-reclament-droits-reconnaissance-et-participation-au-cofifm-2026\/\" \/>\n<meta property=\"og:locale\" content=\"fr_FR\" \/>\n<meta property=\"og:type\" content=\"article\" \/>\n<meta property=\"og:title\" content=\"Les petit p\u00eacheurs r\u00e9clament droits et participation au COFI:FM\" \/>\n<meta property=\"og:description\" content=\"Au COFI:FM 2026, le CIP a demand\u00e9 reconnaissance des droits des p\u00eacheurs artisanaux, mise en \u0153uvre des Directives SSF\" \/>\n<meta property=\"og:url\" content=\"https:\/\/www.foodsovereignty.org\/fr\/les-pecheurs-artisanaux-reclament-droits-reconnaissance-et-participation-au-cofifm-2026\/\" \/>\n<meta property=\"og:site_name\" content=\"International Planning Committee for Food Sovereignty (IPC)\" \/>\n<meta property=\"article:published_time\" content=\"2026-03-09T15:25:39+00:00\" \/>\n<meta property=\"article:modified_time\" content=\"2026-03-10T10:11:53+00:00\" \/>\n<meta property=\"og:image\" content=\"https:\/\/www.foodsovereignty.org\/wp-content\/uploads\/2026\/03\/Foto_SSF_Cover-2.jpeg\" \/>\n\t<meta property=\"og:image:width\" content=\"960\" \/>\n\t<meta property=\"og:image:height\" content=\"611\" \/>\n\t<meta property=\"og:image:type\" content=\"image\/jpeg\" \/>\n<meta name=\"author\" content=\"IPC comms\" \/>\n<meta name=\"twitter:card\" content=\"summary_large_image\" \/>\n<meta name=\"twitter:label1\" content=\"\u00c9crit par\" \/>\n\t<meta name=\"twitter:data1\" content=\"IPC comms\" \/>\n\t<meta name=\"twitter:label2\" content=\"Dur\u00e9e de lecture estim\u00e9e\" \/>\n\t<meta name=\"twitter:data2\" content=\"4 minutes\" \/>\n<script type=\"application\/ld+json\" class=\"yoast-schema-graph\">{\"@context\":\"https:\\\/\\\/schema.org\",\"@graph\":[{\"@type\":\"Article\",\"@id\":\"https:\\\/\\\/www.foodsovereignty.org\\\/fr\\\/les-pecheurs-artisanaux-reclament-droits-reconnaissance-et-participation-au-cofifm-2026\\\/#article\",\"isPartOf\":{\"@id\":\"https:\\\/\\\/www.foodsovereignty.org\\\/fr\\\/les-pecheurs-artisanaux-reclament-droits-reconnaissance-et-participation-au-cofifm-2026\\\/\"},\"author\":{\"name\":\"IPC comms\",\"@id\":\"https:\\\/\\\/www.foodsovereignty.org\\\/fr\\\/#\\\/schema\\\/person\\\/c5d86d7101c42543207204332399e87e\"},\"headline\":\"Les p\u00eacheurs artisanaux r\u00e9clament droits, reconnaissance et participation au COFI:FM 2026\",\"datePublished\":\"2026-03-09T15:25:39+00:00\",\"dateModified\":\"2026-03-10T10:11:53+00:00\",\"mainEntityOfPage\":{\"@id\":\"https:\\\/\\\/www.foodsovereignty.org\\\/fr\\\/les-pecheurs-artisanaux-reclament-droits-reconnaissance-et-participation-au-cofifm-2026\\\/\"},\"wordCount\":854,\"image\":{\"@id\":\"https:\\\/\\\/www.foodsovereignty.org\\\/fr\\\/les-pecheurs-artisanaux-reclament-droits-reconnaissance-et-participation-au-cofifm-2026\\\/#primaryimage\"},\"thumbnailUrl\":\"https:\\\/\\\/www.foodsovereignty.org\\\/wp-content\\\/uploads\\\/2026\\\/03\\\/Foto_SSF_Cover-2.jpeg\",\"keywords\":[\"COFI\"],\"articleSection\":[\"Nouvelles\"],\"inLanguage\":\"fr-FR\"},{\"@type\":\"WebPage\",\"@id\":\"https:\\\/\\\/www.foodsovereignty.org\\\/fr\\\/les-pecheurs-artisanaux-reclament-droits-reconnaissance-et-participation-au-cofifm-2026\\\/\",\"url\":\"https:\\\/\\\/www.foodsovereignty.org\\\/fr\\\/les-pecheurs-artisanaux-reclament-droits-reconnaissance-et-participation-au-cofifm-2026\\\/\",\"name\":\"Les petit p\u00eacheurs r\u00e9clament droits et participation au COFI:FM\",\"isPartOf\":{\"@id\":\"https:\\\/\\\/www.foodsovereignty.org\\\/fr\\\/#website\"},\"primaryImageOfPage\":{\"@id\":\"https:\\\/\\\/www.foodsovereignty.org\\\/fr\\\/les-pecheurs-artisanaux-reclament-droits-reconnaissance-et-participation-au-cofifm-2026\\\/#primaryimage\"},\"image\":{\"@id\":\"https:\\\/\\\/www.foodsovereignty.org\\\/fr\\\/les-pecheurs-artisanaux-reclament-droits-reconnaissance-et-participation-au-cofifm-2026\\\/#primaryimage\"},\"thumbnailUrl\":\"https:\\\/\\\/www.foodsovereignty.org\\\/wp-content\\\/uploads\\\/2026\\\/03\\\/Foto_SSF_Cover-2.jpeg\",\"datePublished\":\"2026-03-09T15:25:39+00:00\",\"dateModified\":\"2026-03-10T10:11:53+00:00\",\"author\":{\"@id\":\"https:\\\/\\\/www.foodsovereignty.org\\\/fr\\\/#\\\/schema\\\/person\\\/c5d86d7101c42543207204332399e87e\"},\"description\":\"Au COFI:FM 2026, le CIP a demand\u00e9 reconnaissance des droits des p\u00eacheurs artisanaux, mise en \u0153uvre des Directives SSF\",\"breadcrumb\":{\"@id\":\"https:\\\/\\\/www.foodsovereignty.org\\\/fr\\\/les-pecheurs-artisanaux-reclament-droits-reconnaissance-et-participation-au-cofifm-2026\\\/#breadcrumb\"},\"inLanguage\":\"fr-FR\",\"potentialAction\":[{\"@type\":\"ReadAction\",\"target\":[\"https:\\\/\\\/www.foodsovereignty.org\\\/fr\\\/les-pecheurs-artisanaux-reclament-droits-reconnaissance-et-participation-au-cofifm-2026\\\/\"]}]},{\"@type\":\"ImageObject\",\"inLanguage\":\"fr-FR\",\"@id\":\"https:\\\/\\\/www.foodsovereignty.org\\\/fr\\\/les-pecheurs-artisanaux-reclament-droits-reconnaissance-et-participation-au-cofifm-2026\\\/#primaryimage\",\"url\":\"https:\\\/\\\/www.foodsovereignty.org\\\/wp-content\\\/uploads\\\/2026\\\/03\\\/Foto_SSF_Cover-2.jpeg\",\"contentUrl\":\"https:\\\/\\\/www.foodsovereignty.org\\\/wp-content\\\/uploads\\\/2026\\\/03\\\/Foto_SSF_Cover-2.jpeg\",\"width\":960,\"height\":611},{\"@type\":\"BreadcrumbList\",\"@id\":\"https:\\\/\\\/www.foodsovereignty.org\\\/fr\\\/les-pecheurs-artisanaux-reclament-droits-reconnaissance-et-participation-au-cofifm-2026\\\/#breadcrumb\",\"itemListElement\":[{\"@type\":\"ListItem\",\"position\":1,\"name\":\"Home\",\"item\":\"https:\\\/\\\/www.foodsovereignty.org\\\/fr\\\/\"},{\"@type\":\"ListItem\",\"position\":2,\"name\":\"Les p\u00eacheurs artisanaux r\u00e9clament droits, reconnaissance et participation au COFI:FM 2026\"}]},{\"@type\":\"WebSite\",\"@id\":\"https:\\\/\\\/www.foodsovereignty.org\\\/fr\\\/#website\",\"url\":\"https:\\\/\\\/www.foodsovereignty.org\\\/fr\\\/\",\"name\":\"International Planning Committee for Food Sovereignty (IPC)\",\"description\":\"\",\"potentialAction\":[{\"@type\":\"SearchAction\",\"target\":{\"@type\":\"EntryPoint\",\"urlTemplate\":\"https:\\\/\\\/www.foodsovereignty.org\\\/fr\\\/?s={search_term_string}\"},\"query-input\":{\"@type\":\"PropertyValueSpecification\",\"valueRequired\":true,\"valueName\":\"search_term_string\"}}],\"inLanguage\":\"fr-FR\"},{\"@type\":\"Person\",\"@id\":\"https:\\\/\\\/www.foodsovereignty.org\\\/fr\\\/#\\\/schema\\\/person\\\/c5d86d7101c42543207204332399e87e\",\"name\":\"IPC comms\",\"image\":{\"@type\":\"ImageObject\",\"inLanguage\":\"fr-FR\",\"@id\":\"https:\\\/\\\/secure.gravatar.com\\\/avatar\\\/383f0d7b56f08da80de57d5d3281a5757594759261b9b8cdeb29616624681e03?s=96&d=mm&r=g\",\"url\":\"https:\\\/\\\/secure.gravatar.com\\\/avatar\\\/383f0d7b56f08da80de57d5d3281a5757594759261b9b8cdeb29616624681e03?s=96&d=mm&r=g\",\"contentUrl\":\"https:\\\/\\\/secure.gravatar.com\\\/avatar\\\/383f0d7b56f08da80de57d5d3281a5757594759261b9b8cdeb29616624681e03?s=96&d=mm&r=g\",\"caption\":\"IPC comms\"},\"url\":\"https:\\\/\\\/www.foodsovereignty.org\\\/fr\\\/author\\\/ipc-comms\\\/\"}]}<\/script>\n<!-- \/ Yoast SEO plugin. -->","yoast_head_json":{"title":"Les petit p\u00eacheurs r\u00e9clament droits et participation au COFI:FM","description":"Au COFI:FM 2026, le CIP a demand\u00e9 reconnaissance des droits des p\u00eacheurs artisanaux, mise en \u0153uvre des Directives SSF","robots":{"index":"index","follow":"follow","max-snippet":"max-snippet:-1","max-image-preview":"max-image-preview:large","max-video-preview":"max-video-preview:-1"},"canonical":"https:\/\/www.foodsovereignty.org\/fr\/les-pecheurs-artisanaux-reclament-droits-reconnaissance-et-participation-au-cofifm-2026\/","og_locale":"fr_FR","og_type":"article","og_title":"Les petit p\u00eacheurs r\u00e9clament droits et participation au COFI:FM","og_description":"Au COFI:FM 2026, le CIP a demand\u00e9 reconnaissance des droits des p\u00eacheurs artisanaux, mise en \u0153uvre des Directives SSF","og_url":"https:\/\/www.foodsovereignty.org\/fr\/les-pecheurs-artisanaux-reclament-droits-reconnaissance-et-participation-au-cofifm-2026\/","og_site_name":"International Planning Committee for Food Sovereignty (IPC)","article_published_time":"2026-03-09T15:25:39+00:00","article_modified_time":"2026-03-10T10:11:53+00:00","og_image":[{"width":960,"height":611,"url":"https:\/\/www.foodsovereignty.org\/wp-content\/uploads\/2026\/03\/Foto_SSF_Cover-2.jpeg","type":"image\/jpeg"}],"author":"IPC comms","twitter_card":"summary_large_image","twitter_misc":{"\u00c9crit par":"IPC comms","Dur\u00e9e de lecture estim\u00e9e":"4 minutes"},"schema":{"@context":"https:\/\/schema.org","@graph":[{"@type":"Article","@id":"https:\/\/www.foodsovereignty.org\/fr\/les-pecheurs-artisanaux-reclament-droits-reconnaissance-et-participation-au-cofifm-2026\/#article","isPartOf":{"@id":"https:\/\/www.foodsovereignty.org\/fr\/les-pecheurs-artisanaux-reclament-droits-reconnaissance-et-participation-au-cofifm-2026\/"},"author":{"name":"IPC comms","@id":"https:\/\/www.foodsovereignty.org\/fr\/#\/schema\/person\/c5d86d7101c42543207204332399e87e"},"headline":"Les p\u00eacheurs artisanaux r\u00e9clament droits, reconnaissance et participation au COFI:FM 2026","datePublished":"2026-03-09T15:25:39+00:00","dateModified":"2026-03-10T10:11:53+00:00","mainEntityOfPage":{"@id":"https:\/\/www.foodsovereignty.org\/fr\/les-pecheurs-artisanaux-reclament-droits-reconnaissance-et-participation-au-cofifm-2026\/"},"wordCount":854,"image":{"@id":"https:\/\/www.foodsovereignty.org\/fr\/les-pecheurs-artisanaux-reclament-droits-reconnaissance-et-participation-au-cofifm-2026\/#primaryimage"},"thumbnailUrl":"https:\/\/www.foodsovereignty.org\/wp-content\/uploads\/2026\/03\/Foto_SSF_Cover-2.jpeg","keywords":["COFI"],"articleSection":["Nouvelles"],"inLanguage":"fr-FR"},{"@type":"WebPage","@id":"https:\/\/www.foodsovereignty.org\/fr\/les-pecheurs-artisanaux-reclament-droits-reconnaissance-et-participation-au-cofifm-2026\/","url":"https:\/\/www.foodsovereignty.org\/fr\/les-pecheurs-artisanaux-reclament-droits-reconnaissance-et-participation-au-cofifm-2026\/","name":"Les petit p\u00eacheurs r\u00e9clament droits et participation au COFI:FM","isPartOf":{"@id":"https:\/\/www.foodsovereignty.org\/fr\/#website"},"primaryImageOfPage":{"@id":"https:\/\/www.foodsovereignty.org\/fr\/les-pecheurs-artisanaux-reclament-droits-reconnaissance-et-participation-au-cofifm-2026\/#primaryimage"},"image":{"@id":"https:\/\/www.foodsovereignty.org\/fr\/les-pecheurs-artisanaux-reclament-droits-reconnaissance-et-participation-au-cofifm-2026\/#primaryimage"},"thumbnailUrl":"https:\/\/www.foodsovereignty.org\/wp-content\/uploads\/2026\/03\/Foto_SSF_Cover-2.jpeg","datePublished":"2026-03-09T15:25:39+00:00","dateModified":"2026-03-10T10:11:53+00:00","author":{"@id":"https:\/\/www.foodsovereignty.org\/fr\/#\/schema\/person\/c5d86d7101c42543207204332399e87e"},"description":"Au COFI:FM 2026, le CIP a demand\u00e9 reconnaissance des droits des p\u00eacheurs artisanaux, mise en \u0153uvre des Directives SSF","breadcrumb":{"@id":"https:\/\/www.foodsovereignty.org\/fr\/les-pecheurs-artisanaux-reclament-droits-reconnaissance-et-participation-au-cofifm-2026\/#breadcrumb"},"inLanguage":"fr-FR","potentialAction":[{"@type":"ReadAction","target":["https:\/\/www.foodsovereignty.org\/fr\/les-pecheurs-artisanaux-reclament-droits-reconnaissance-et-participation-au-cofifm-2026\/"]}]},{"@type":"ImageObject","inLanguage":"fr-FR","@id":"https:\/\/www.foodsovereignty.org\/fr\/les-pecheurs-artisanaux-reclament-droits-reconnaissance-et-participation-au-cofifm-2026\/#primaryimage","url":"https:\/\/www.foodsovereignty.org\/wp-content\/uploads\/2026\/03\/Foto_SSF_Cover-2.jpeg","contentUrl":"https:\/\/www.foodsovereignty.org\/wp-content\/uploads\/2026\/03\/Foto_SSF_Cover-2.jpeg","width":960,"height":611},{"@type":"BreadcrumbList","@id":"https:\/\/www.foodsovereignty.org\/fr\/les-pecheurs-artisanaux-reclament-droits-reconnaissance-et-participation-au-cofifm-2026\/#breadcrumb","itemListElement":[{"@type":"ListItem","position":1,"name":"Home","item":"https:\/\/www.foodsovereignty.org\/fr\/"},{"@type":"ListItem","position":2,"name":"Les p\u00eacheurs artisanaux r\u00e9clament droits, reconnaissance et participation au COFI:FM 2026"}]},{"@type":"WebSite","@id":"https:\/\/www.foodsovereignty.org\/fr\/#website","url":"https:\/\/www.foodsovereignty.org\/fr\/","name":"International Planning Committee for Food Sovereignty (IPC)","description":"","potentialAction":[{"@type":"SearchAction","target":{"@type":"EntryPoint","urlTemplate":"https:\/\/www.foodsovereignty.org\/fr\/?s={search_term_string}"},"query-input":{"@type":"PropertyValueSpecification","valueRequired":true,"valueName":"search_term_string"}}],"inLanguage":"fr-FR"},{"@type":"Person","@id":"https:\/\/www.foodsovereignty.org\/fr\/#\/schema\/person\/c5d86d7101c42543207204332399e87e","name":"IPC comms","image":{"@type":"ImageObject","inLanguage":"fr-FR","@id":"https:\/\/secure.gravatar.com\/avatar\/383f0d7b56f08da80de57d5d3281a5757594759261b9b8cdeb29616624681e03?s=96&d=mm&r=g","url":"https:\/\/secure.gravatar.com\/avatar\/383f0d7b56f08da80de57d5d3281a5757594759261b9b8cdeb29616624681e03?s=96&d=mm&r=g","contentUrl":"https:\/\/secure.gravatar.com\/avatar\/383f0d7b56f08da80de57d5d3281a5757594759261b9b8cdeb29616624681e03?s=96&d=mm&r=g","caption":"IPC comms"},"url":"https:\/\/www.foodsovereignty.org\/fr\/author\/ipc-comms\/"}]}},"_links":{"self":[{"href":"https:\/\/www.foodsovereignty.org\/fr\/wp-json\/wp\/v2\/posts\/5398","targetHints":{"allow":["GET"]}}],"collection":[{"href":"https:\/\/www.foodsovereignty.org\/fr\/wp-json\/wp\/v2\/posts"}],"about":[{"href":"https:\/\/www.foodsovereignty.org\/fr\/wp-json\/wp\/v2\/types\/post"}],"author":[{"embeddable":true,"href":"https:\/\/www.foodsovereignty.org\/fr\/wp-json\/wp\/v2\/users\/7"}],"replies":[{"embeddable":true,"href":"https:\/\/www.foodsovereignty.org\/fr\/wp-json\/wp\/v2\/comments?post=5398"}],"version-history":[{"count":2,"href":"https:\/\/www.foodsovereignty.org\/fr\/wp-json\/wp\/v2\/posts\/5398\/revisions"}],"predecessor-version":[{"id":5414,"href":"https:\/\/www.foodsovereignty.org\/fr\/wp-json\/wp\/v2\/posts\/5398\/revisions\/5414"}],"wp:featuredmedia":[{"embeddable":true,"href":"https:\/\/www.foodsovereignty.org\/fr\/wp-json\/wp\/v2\/media\/5392"}],"wp:attachment":[{"href":"https:\/\/www.foodsovereignty.org\/fr\/wp-json\/wp\/v2\/media?parent=5398"}],"wp:term":[{"taxonomy":"category","embeddable":true,"href":"https:\/\/www.foodsovereignty.org\/fr\/wp-json\/wp\/v2\/categories?post=5398"},{"taxonomy":"post_tag","embeddable":true,"href":"https:\/\/www.foodsovereignty.org\/fr\/wp-json\/wp\/v2\/tags?post=5398"}],"curies":[{"name":"wp","href":"https:\/\/api.w.org\/{rel}","templated":true}]}}