{"id":5525,"date":"2026-09-04T11:32:59","date_gmt":"2026-09-04T11:32:59","guid":{"rendered":"https:\/\/www.foodsovereignty.org\/?p=5525"},"modified":"2026-09-04T11:35:54","modified_gmt":"2026-09-04T11:35:54","slug":"les-pecheurs-et-les-peuples-autochtones-du-cip-se-reunissent-a-rome-a-lapproche-du-cofi37","status":"publish","type":"post","link":"https:\/\/www.foodsovereignty.org\/fr\/les-pecheurs-et-les-peuples-autochtones-du-cip-se-reunissent-a-rome-a-lapproche-du-cofi37\/","title":{"rendered":"Les p\u00eacheurs et les Peuples Autochtones du CIP se r\u00e9unissent \u00e0 Rome \u00e0 l\u2019approche du COFI37"},"content":{"rendered":"<p class=\"isSelectedEnd\">Des repr\u00e9sentants des petits p\u00eacheurs, des travailleurs de la p\u00eache, des femmes p\u00eacheuses, des collecteurs et des Peuples Autochtones du monde entier se sont r\u00e9unis \u00e0 Rome \u00e0 l\u2019approche du <strong>Sommet sur la p\u00eache \u00e0 petite \u00e9chelle<\/strong> (<strong>SSF Summit<\/strong>) et de la 37e session du Comit\u00e9 des p\u00eaches de la FAO (COFI37), qui se tiendront respectivement du 4 au 6 septembre et du 7 au 11 septembre.<\/p>\n<p class=\"isSelectedEnd\">En pr\u00e9paration des discussions \u00e0 venir, le groupe de travail sur la p\u00eache du CIP a fait le point sur les crises multiples et interconnect\u00e9es auxquelles sont confront\u00e9s les peuples de p\u00eacheurs \u2013 crises climatique, environnementale, \u00e9conomique et sociale \u2013 et a collectivement r\u00e9affirm\u00e9 les strat\u00e9gies qui guident leur lutte. S\u2019appuyant sur les connaissances et l\u2019exp\u00e9rience v\u00e9cue de ses communaut\u00e9s, le groupe a r\u00e9affirm\u00e9 son engagement en faveur de l\u2019aqua\u00e9cologie, de la souverainet\u00e9 alimentaire et de la solidarit\u00e9 internationaliste, tout en pr\u00e9cisant ses revendications politiques \u00e0 l\u2019approche de son engagement avec la FAO.<\/p>\n<p class=\"isSelectedEnd\">La rencontre a non seulement r\u00e9uni les membres du CIO, mais a \u00e9galement consacr\u00e9 une journ\u00e9e \u00e0 r\u00e9unir des repr\u00e9sentants de mouvements de p\u00eacheurs ext\u00e9rieurs \u00e0 la famille du CIP, tant au niveau mondial que r\u00e9gional, afin de renforcer l\u2019action collective, d\u2019\u00e9changer des exp\u00e9riences et de converger vers une strat\u00e9gie de plaidoyer commune pour les discussions \u00e0 la FAO.<\/p>\n<p class=\"isSelectedEnd\">Au c\u0153ur de cette rencontre se trouvait la volont\u00e9 de cr\u00e9er un espace de dialogue entre un groupe diversifi\u00e9 <strong>de mouvements afin de faire entendre leurs voix dans les espaces strat\u00e9giques de d\u00e9cision politique \u00e0 l\u2019\u00e9chelle mondiale<\/strong>, en plaidant pour des politiques gouvernementales transparentes et efficaces et en pla\u00e7ant les communaut\u00e9s de p\u00eache \u00e0 petite \u00e9chelle au centre de la gouvernance mondiale des p\u00eaches.<\/p>\n<p class=\"isSelectedEnd\">\u00c0 la base de ces discussions se trouvaient les Directives volontaires visant \u00e0 assurer la durabilit\u00e9 de la p\u00eache \u00e0 petite \u00e9chelle dans le contexte de la s\u00e9curit\u00e9 alimentaire et de l\u2019\u00e9radication de la pauvret\u00e9 (Directives sur la p\u00eache \u00e0 petite \u00e9chelle), fruit d\u2019une consultation mondiale sans pr\u00e9c\u00e9dent ayant r\u00e9uni plus de 4 000 p\u00eacheurs, travailleurs de la p\u00eache et autres acteurs dans 120 pays, et qui restent le principal instrument international l\u00e9gitime pour reconna\u00eetre et prot\u00e9ger les droits des petits p\u00eacheurs. Pourtant, plus d\u2019une d\u00e9cennie apr\u00e8s leur adoption en 2014, et malgr\u00e9 la cr\u00e9ation en 2016 d\u2019un m\u00e9canisme de partenariat d\u00e9di\u00e9 (le Cadre strat\u00e9gique mondial pour la p\u00eache \u00e0 petite \u00e9chelle \u2013 SSF-GSF) pour soutenir leur mise en \u0153uvre, les Directives restent largement inappliqu\u00e9es. C\u2019est pr\u00e9cis\u00e9ment ce cadre et son potentiel inexploit\u00e9 que le Groupe de travail sur la p\u00eache du CIP est d\u00e9sormais d\u00e9termin\u00e9 \u00e0 revitaliser.<\/p>\n<p class=\"isSelectedEnd\">Pour cette raison, la rencontre de Rome constitue une occasion pour les mouvements de p\u00eacheurs de <strong>r\u00e9activer et renforcer le SSF-GSF<\/strong> et de veiller \u00e0 ce que les voix et les droits des p\u00eacheurs \u00e0 petite \u00e9chelle soient entendus et reconnus par les acteurs de la gouvernance mondiale des p\u00eaches.<\/p>\n<p class=\"isSelectedEnd\">Pour ce faire, les p\u00eacheurs et p\u00eacheuses du CIP, avec d\u2019autres mouvements r\u00e9gionaux de p\u00eacheurs, dynamiseront la composante des titulaires de droits du Cadre strat\u00e9gique, en revitalisant le Groupe consultatif, tous \u00e9tant d\u00e9termin\u00e9s \u00e0 promouvoir la mise en \u0153uvre des Directives sur la p\u00eache \u00e0 petite \u00e9chelle.<\/p>\n<p>Alors que les repr\u00e9sentants des mouvements de p\u00eacheurs se r\u00e9unissent \u00e0 Rome, leur message est clair : les petits p\u00eacheurs et les Peuples Autochtones ne sont pas des parties prenantes, mais des titulaires de droits. Leurs connaissances, leur leadership et leur capacit\u00e9 d\u2019action politique sont essentiels \u00e0 la r\u00e9alisation de la souverainet\u00e9 alimentaire.<\/p>\n","protected":false},"excerpt":{"rendered":"<p>Des repr\u00e9sentants des petits p\u00eacheurs, des travailleurs de la p\u00eache, des femmes p\u00eacheuses, des collecteurs et des Peuples Autochtones du monde entier se sont r\u00e9unis \u00e0 Rome \u00e0 l\u2019approche du Sommet sur la p\u00eache \u00e0 petite \u00e9chelle (SSF Summit) et de la 37e session du Comit\u00e9 des p\u00eaches de la FAO (COFI37), qui se tiendront [&hellip;]<\/p>\n","protected":false},"author":7,"featured_media":5519,"comment_status":"closed","ping_status":"closed","sticky":false,"template":"","format":"standard","meta":{"_acf_changed":false,"footnotes":""},"categories":[57],"tags":[465],"class_list":["post-5525","post","type-post","status-publish","format-standard","has-post-thumbnail","hentry","category-nouvelles","tag-ssf-summit","working_groups_tax-fisheries"],"acf":[],"yoast_head":"<!-- This site is optimized with the Yoast SEO plugin v28.4 - https:\/\/yoast.com\/product\/yoast-seo-wordpress\/ -->\n<title>Les p\u00eacheurs du CIP se r\u00e9unissent \u00e0 Rome pour l&#039;SSF Summit<\/title>\n<meta name=\"description\" content=\"Les mouvements se mobilisent aupr\u00e8s de la FAO pour demander aux gouvernements de mettre en \u0153uvre les Directives sur la p\u00eache \u00e0 petite \u00e9chelle\" \/>\n<meta name=\"robots\" content=\"index, follow, max-snippet:-1, max-image-preview:large, max-video-preview:-1\" \/>\n<link rel=\"canonical\" href=\"https:\/\/www.foodsovereignty.org\/fr\/les-pecheurs-et-les-peuples-autochtones-du-cip-se-reunissent-a-rome-a-lapproche-du-cofi37\/\" \/>\n<meta property=\"og:locale\" content=\"fr_FR\" \/>\n<meta property=\"og:type\" content=\"article\" \/>\n<meta property=\"og:title\" content=\"Les p\u00eacheurs du CIP se r\u00e9unissent \u00e0 Rome pour l&#039;SSF Summit\" \/>\n<meta property=\"og:description\" content=\"Les mouvements se mobilisent aupr\u00e8s de la FAO pour demander aux gouvernements de mettre en \u0153uvre les Directives sur la p\u00eache \u00e0 petite \u00e9chelle\" \/>\n<meta property=\"og:url\" content=\"https:\/\/www.foodsovereignty.org\/fr\/les-pecheurs-et-les-peuples-autochtones-du-cip-se-reunissent-a-rome-a-lapproche-du-cofi37\/\" \/>\n<meta property=\"og:site_name\" content=\"International Planning Committee for Food Sovereignty (IPC)\" \/>\n<meta property=\"article:published_time\" content=\"2026-09-04T11:32:59+00:00\" \/>\n<meta property=\"article:modified_time\" content=\"2026-09-04T11:35:54+00:00\" \/>\n<meta property=\"og:image\" content=\"https:\/\/www.foodsovereignty.org\/wp-content\/uploads\/2026\/09\/Group-pic-IPC-WG-e1788521058109.jpeg\" \/>\n\t<meta property=\"og:image:width\" content=\"2048\" \/>\n\t<meta property=\"og:image:height\" content=\"1536\" \/>\n\t<meta property=\"og:image:type\" content=\"image\/jpeg\" \/>\n<meta name=\"author\" content=\"IPC comms\" \/>\n<meta name=\"twitter:card\" content=\"summary_large_image\" \/>\n<meta name=\"twitter:label1\" content=\"\u00c9crit par\" \/>\n\t<meta name=\"twitter:data1\" content=\"IPC comms\" \/>\n\t<meta name=\"twitter:label2\" content=\"Dur\u00e9e de lecture estim\u00e9e\" \/>\n\t<meta name=\"twitter:data2\" content=\"3 minutes\" \/>\n<script type=\"application\/ld+json\" class=\"yoast-schema-graph\">{\"@context\":\"https:\\\/\\\/schema.org\",\"@graph\":[{\"@type\":\"Article\",\"@id\":\"https:\\\/\\\/www.foodsovereignty.org\\\/fr\\\/les-pecheurs-et-les-peuples-autochtones-du-cip-se-reunissent-a-rome-a-lapproche-du-cofi37\\\/#article\",\"isPartOf\":{\"@id\":\"https:\\\/\\\/www.foodsovereignty.org\\\/fr\\\/les-pecheurs-et-les-peuples-autochtones-du-cip-se-reunissent-a-rome-a-lapproche-du-cofi37\\\/\"},\"author\":{\"name\":\"IPC comms\",\"@id\":\"https:\\\/\\\/www.foodsovereignty.org\\\/fr\\\/#\\\/schema\\\/person\\\/c5d86d7101c42543207204332399e87e\"},\"headline\":\"Les p\u00eacheurs et les Peuples Autochtones du CIP se r\u00e9unissent \u00e0 Rome \u00e0 l\u2019approche du COFI37\",\"datePublished\":\"2026-09-04T11:32:59+00:00\",\"dateModified\":\"2026-09-04T11:35:54+00:00\",\"mainEntityOfPage\":{\"@id\":\"https:\\\/\\\/www.foodsovereignty.org\\\/fr\\\/les-pecheurs-et-les-peuples-autochtones-du-cip-se-reunissent-a-rome-a-lapproche-du-cofi37\\\/\"},\"wordCount\":657,\"image\":{\"@id\":\"https:\\\/\\\/www.foodsovereignty.org\\\/fr\\\/les-pecheurs-et-les-peuples-autochtones-du-cip-se-reunissent-a-rome-a-lapproche-du-cofi37\\\/#primaryimage\"},\"thumbnailUrl\":\"https:\\\/\\\/www.foodsovereignty.org\\\/wp-content\\\/uploads\\\/2026\\\/09\\\/Group-pic-IPC-WG-e1788521058109.jpeg\",\"keywords\":[\"ssf summit\"],\"articleSection\":[\"Nouvelles\"],\"inLanguage\":\"fr-FR\"},{\"@type\":\"WebPage\",\"@id\":\"https:\\\/\\\/www.foodsovereignty.org\\\/fr\\\/les-pecheurs-et-les-peuples-autochtones-du-cip-se-reunissent-a-rome-a-lapproche-du-cofi37\\\/\",\"url\":\"https:\\\/\\\/www.foodsovereignty.org\\\/fr\\\/les-pecheurs-et-les-peuples-autochtones-du-cip-se-reunissent-a-rome-a-lapproche-du-cofi37\\\/\",\"name\":\"Les p\u00eacheurs du CIP se r\u00e9unissent \u00e0 Rome pour l'SSF Summit\",\"isPartOf\":{\"@id\":\"https:\\\/\\\/www.foodsovereignty.org\\\/fr\\\/#website\"},\"primaryImageOfPage\":{\"@id\":\"https:\\\/\\\/www.foodsovereignty.org\\\/fr\\\/les-pecheurs-et-les-peuples-autochtones-du-cip-se-reunissent-a-rome-a-lapproche-du-cofi37\\\/#primaryimage\"},\"image\":{\"@id\":\"https:\\\/\\\/www.foodsovereignty.org\\\/fr\\\/les-pecheurs-et-les-peuples-autochtones-du-cip-se-reunissent-a-rome-a-lapproche-du-cofi37\\\/#primaryimage\"},\"thumbnailUrl\":\"https:\\\/\\\/www.foodsovereignty.org\\\/wp-content\\\/uploads\\\/2026\\\/09\\\/Group-pic-IPC-WG-e1788521058109.jpeg\",\"datePublished\":\"2026-09-04T11:32:59+00:00\",\"dateModified\":\"2026-09-04T11:35:54+00:00\",\"author\":{\"@id\":\"https:\\\/\\\/www.foodsovereignty.org\\\/fr\\\/#\\\/schema\\\/person\\\/c5d86d7101c42543207204332399e87e\"},\"description\":\"Les mouvements se mobilisent aupr\u00e8s de la FAO pour demander aux gouvernements de mettre en \u0153uvre les Directives sur la p\u00eache \u00e0 petite \u00e9chelle\",\"breadcrumb\":{\"@id\":\"https:\\\/\\\/www.foodsovereignty.org\\\/fr\\\/les-pecheurs-et-les-peuples-autochtones-du-cip-se-reunissent-a-rome-a-lapproche-du-cofi37\\\/#breadcrumb\"},\"inLanguage\":\"fr-FR\",\"potentialAction\":[{\"@type\":\"ReadAction\",\"target\":[\"https:\\\/\\\/www.foodsovereignty.org\\\/fr\\\/les-pecheurs-et-les-peuples-autochtones-du-cip-se-reunissent-a-rome-a-lapproche-du-cofi37\\\/\"]}]},{\"@type\":\"ImageObject\",\"inLanguage\":\"fr-FR\",\"@id\":\"https:\\\/\\\/www.foodsovereignty.org\\\/fr\\\/les-pecheurs-et-les-peuples-autochtones-du-cip-se-reunissent-a-rome-a-lapproche-du-cofi37\\\/#primaryimage\",\"url\":\"https:\\\/\\\/www.foodsovereignty.org\\\/wp-content\\\/uploads\\\/2026\\\/09\\\/Group-pic-IPC-WG-e1788521058109.jpeg\",\"contentUrl\":\"https:\\\/\\\/www.foodsovereignty.org\\\/wp-content\\\/uploads\\\/2026\\\/09\\\/Group-pic-IPC-WG-e1788521058109.jpeg\",\"width\":2048,\"height\":1536},{\"@type\":\"BreadcrumbList\",\"@id\":\"https:\\\/\\\/www.foodsovereignty.org\\\/fr\\\/les-pecheurs-et-les-peuples-autochtones-du-cip-se-reunissent-a-rome-a-lapproche-du-cofi37\\\/#breadcrumb\",\"itemListElement\":[{\"@type\":\"ListItem\",\"position\":1,\"name\":\"Home\",\"item\":\"https:\\\/\\\/www.foodsovereignty.org\\\/fr\\\/\"},{\"@type\":\"ListItem\",\"position\":2,\"name\":\"Les p\u00eacheurs et les Peuples Autochtones du CIP se r\u00e9unissent \u00e0 Rome \u00e0 l\u2019approche du COFI37\"}]},{\"@type\":\"WebSite\",\"@id\":\"https:\\\/\\\/www.foodsovereignty.org\\\/fr\\\/#website\",\"url\":\"https:\\\/\\\/www.foodsovereignty.org\\\/fr\\\/\",\"name\":\"International Planning Committee for Food Sovereignty (IPC)\",\"description\":\"\",\"potentialAction\":[{\"@type\":\"SearchAction\",\"target\":{\"@type\":\"EntryPoint\",\"urlTemplate\":\"https:\\\/\\\/www.foodsovereignty.org\\\/fr\\\/?s={search_term_string}\"},\"query-input\":{\"@type\":\"PropertyValueSpecification\",\"valueRequired\":true,\"valueName\":\"search_term_string\"}}],\"inLanguage\":\"fr-FR\"},{\"@type\":\"Person\",\"@id\":\"https:\\\/\\\/www.foodsovereignty.org\\\/fr\\\/#\\\/schema\\\/person\\\/c5d86d7101c42543207204332399e87e\",\"name\":\"IPC comms\",\"image\":{\"@type\":\"ImageObject\",\"inLanguage\":\"fr-FR\",\"@id\":\"https:\\\/\\\/secure.gravatar.com\\\/avatar\\\/383f0d7b56f08da80de57d5d3281a5757594759261b9b8cdeb29616624681e03?s=96&d=mm&r=g\",\"url\":\"https:\\\/\\\/secure.gravatar.com\\\/avatar\\\/383f0d7b56f08da80de57d5d3281a5757594759261b9b8cdeb29616624681e03?s=96&d=mm&r=g\",\"contentUrl\":\"https:\\\/\\\/secure.gravatar.com\\\/avatar\\\/383f0d7b56f08da80de57d5d3281a5757594759261b9b8cdeb29616624681e03?s=96&d=mm&r=g\",\"caption\":\"IPC comms\"},\"url\":\"https:\\\/\\\/www.foodsovereignty.org\\\/fr\\\/author\\\/ipc-comms\\\/\"}]}<\/script>\n<!-- \/ Yoast SEO plugin. -->","yoast_head_json":{"title":"Les p\u00eacheurs du CIP se r\u00e9unissent \u00e0 Rome pour l'SSF Summit","description":"Les mouvements se mobilisent aupr\u00e8s de la FAO pour demander aux gouvernements de mettre en \u0153uvre les Directives sur la p\u00eache \u00e0 petite \u00e9chelle","robots":{"index":"index","follow":"follow","max-snippet":"max-snippet:-1","max-image-preview":"max-image-preview:large","max-video-preview":"max-video-preview:-1"},"canonical":"https:\/\/www.foodsovereignty.org\/fr\/les-pecheurs-et-les-peuples-autochtones-du-cip-se-reunissent-a-rome-a-lapproche-du-cofi37\/","og_locale":"fr_FR","og_type":"article","og_title":"Les p\u00eacheurs du CIP se r\u00e9unissent \u00e0 Rome pour l'SSF Summit","og_description":"Les mouvements se mobilisent aupr\u00e8s de la FAO pour demander aux gouvernements de mettre en \u0153uvre les Directives sur la p\u00eache \u00e0 petite \u00e9chelle","og_url":"https:\/\/www.foodsovereignty.org\/fr\/les-pecheurs-et-les-peuples-autochtones-du-cip-se-reunissent-a-rome-a-lapproche-du-cofi37\/","og_site_name":"International Planning Committee for Food Sovereignty (IPC)","article_published_time":"2026-09-04T11:32:59+00:00","article_modified_time":"2026-09-04T11:35:54+00:00","og_image":[{"width":2048,"height":1536,"url":"https:\/\/www.foodsovereignty.org\/wp-content\/uploads\/2026\/09\/Group-pic-IPC-WG-e1788521058109.jpeg","type":"image\/jpeg"}],"author":"IPC comms","twitter_card":"summary_large_image","twitter_misc":{"\u00c9crit par":"IPC comms","Dur\u00e9e de lecture estim\u00e9e":"3 minutes"},"schema":{"@context":"https:\/\/schema.org","@graph":[{"@type":"Article","@id":"https:\/\/www.foodsovereignty.org\/fr\/les-pecheurs-et-les-peuples-autochtones-du-cip-se-reunissent-a-rome-a-lapproche-du-cofi37\/#article","isPartOf":{"@id":"https:\/\/www.foodsovereignty.org\/fr\/les-pecheurs-et-les-peuples-autochtones-du-cip-se-reunissent-a-rome-a-lapproche-du-cofi37\/"},"author":{"name":"IPC comms","@id":"https:\/\/www.foodsovereignty.org\/fr\/#\/schema\/person\/c5d86d7101c42543207204332399e87e"},"headline":"Les p\u00eacheurs et les Peuples Autochtones du CIP se r\u00e9unissent \u00e0 Rome \u00e0 l\u2019approche du COFI37","datePublished":"2026-09-04T11:32:59+00:00","dateModified":"2026-09-04T11:35:54+00:00","mainEntityOfPage":{"@id":"https:\/\/www.foodsovereignty.org\/fr\/les-pecheurs-et-les-peuples-autochtones-du-cip-se-reunissent-a-rome-a-lapproche-du-cofi37\/"},"wordCount":657,"image":{"@id":"https:\/\/www.foodsovereignty.org\/fr\/les-pecheurs-et-les-peuples-autochtones-du-cip-se-reunissent-a-rome-a-lapproche-du-cofi37\/#primaryimage"},"thumbnailUrl":"https:\/\/www.foodsovereignty.org\/wp-content\/uploads\/2026\/09\/Group-pic-IPC-WG-e1788521058109.jpeg","keywords":["ssf summit"],"articleSection":["Nouvelles"],"inLanguage":"fr-FR"},{"@type":"WebPage","@id":"https:\/\/www.foodsovereignty.org\/fr\/les-pecheurs-et-les-peuples-autochtones-du-cip-se-reunissent-a-rome-a-lapproche-du-cofi37\/","url":"https:\/\/www.foodsovereignty.org\/fr\/les-pecheurs-et-les-peuples-autochtones-du-cip-se-reunissent-a-rome-a-lapproche-du-cofi37\/","name":"Les p\u00eacheurs du CIP se r\u00e9unissent \u00e0 Rome pour l'SSF Summit","isPartOf":{"@id":"https:\/\/www.foodsovereignty.org\/fr\/#website"},"primaryImageOfPage":{"@id":"https:\/\/www.foodsovereignty.org\/fr\/les-pecheurs-et-les-peuples-autochtones-du-cip-se-reunissent-a-rome-a-lapproche-du-cofi37\/#primaryimage"},"image":{"@id":"https:\/\/www.foodsovereignty.org\/fr\/les-pecheurs-et-les-peuples-autochtones-du-cip-se-reunissent-a-rome-a-lapproche-du-cofi37\/#primaryimage"},"thumbnailUrl":"https:\/\/www.foodsovereignty.org\/wp-content\/uploads\/2026\/09\/Group-pic-IPC-WG-e1788521058109.jpeg","datePublished":"2026-09-04T11:32:59+00:00","dateModified":"2026-09-04T11:35:54+00:00","author":{"@id":"https:\/\/www.foodsovereignty.org\/fr\/#\/schema\/person\/c5d86d7101c42543207204332399e87e"},"description":"Les mouvements se mobilisent aupr\u00e8s de la FAO pour demander aux gouvernements de mettre en \u0153uvre les Directives sur la p\u00eache \u00e0 petite \u00e9chelle","breadcrumb":{"@id":"https:\/\/www.foodsovereignty.org\/fr\/les-pecheurs-et-les-peuples-autochtones-du-cip-se-reunissent-a-rome-a-lapproche-du-cofi37\/#breadcrumb"},"inLanguage":"fr-FR","potentialAction":[{"@type":"ReadAction","target":["https:\/\/www.foodsovereignty.org\/fr\/les-pecheurs-et-les-peuples-autochtones-du-cip-se-reunissent-a-rome-a-lapproche-du-cofi37\/"]}]},{"@type":"ImageObject","inLanguage":"fr-FR","@id":"https:\/\/www.foodsovereignty.org\/fr\/les-pecheurs-et-les-peuples-autochtones-du-cip-se-reunissent-a-rome-a-lapproche-du-cofi37\/#primaryimage","url":"https:\/\/www.foodsovereignty.org\/wp-content\/uploads\/2026\/09\/Group-pic-IPC-WG-e1788521058109.jpeg","contentUrl":"https:\/\/www.foodsovereignty.org\/wp-content\/uploads\/2026\/09\/Group-pic-IPC-WG-e1788521058109.jpeg","width":2048,"height":1536},{"@type":"BreadcrumbList","@id":"https:\/\/www.foodsovereignty.org\/fr\/les-pecheurs-et-les-peuples-autochtones-du-cip-se-reunissent-a-rome-a-lapproche-du-cofi37\/#breadcrumb","itemListElement":[{"@type":"ListItem","position":1,"name":"Home","item":"https:\/\/www.foodsovereignty.org\/fr\/"},{"@type":"ListItem","position":2,"name":"Les p\u00eacheurs et les Peuples Autochtones du CIP se r\u00e9unissent \u00e0 Rome \u00e0 l\u2019approche du COFI37"}]},{"@type":"WebSite","@id":"https:\/\/www.foodsovereignty.org\/fr\/#website","url":"https:\/\/www.foodsovereignty.org\/fr\/","name":"International Planning Committee for Food Sovereignty (IPC)","description":"","potentialAction":[{"@type":"SearchAction","target":{"@type":"EntryPoint","urlTemplate":"https:\/\/www.foodsovereignty.org\/fr\/?s={search_term_string}"},"query-input":{"@type":"PropertyValueSpecification","valueRequired":true,"valueName":"search_term_string"}}],"inLanguage":"fr-FR"},{"@type":"Person","@id":"https:\/\/www.foodsovereignty.org\/fr\/#\/schema\/person\/c5d86d7101c42543207204332399e87e","name":"IPC comms","image":{"@type":"ImageObject","inLanguage":"fr-FR","@id":"https:\/\/secure.gravatar.com\/avatar\/383f0d7b56f08da80de57d5d3281a5757594759261b9b8cdeb29616624681e03?s=96&d=mm&r=g","url":"https:\/\/secure.gravatar.com\/avatar\/383f0d7b56f08da80de57d5d3281a5757594759261b9b8cdeb29616624681e03?s=96&d=mm&r=g","contentUrl":"https:\/\/secure.gravatar.com\/avatar\/383f0d7b56f08da80de57d5d3281a5757594759261b9b8cdeb29616624681e03?s=96&d=mm&r=g","caption":"IPC comms"},"url":"https:\/\/www.foodsovereignty.org\/fr\/author\/ipc-comms\/"}]}},"_links":{"self":[{"href":"https:\/\/www.foodsovereignty.org\/fr\/wp-json\/wp\/v2\/posts\/5525","targetHints":{"allow":["GET"]}}],"collection":[{"href":"https:\/\/www.foodsovereignty.org\/fr\/wp-json\/wp\/v2\/posts"}],"about":[{"href":"https:\/\/www.foodsovereignty.org\/fr\/wp-json\/wp\/v2\/types\/post"}],"author":[{"embeddable":true,"href":"https:\/\/www.foodsovereignty.org\/fr\/wp-json\/wp\/v2\/users\/7"}],"replies":[{"embeddable":true,"href":"https:\/\/www.foodsovereignty.org\/fr\/wp-json\/wp\/v2\/comments?post=5525"}],"version-history":[{"count":1,"href":"https:\/\/www.foodsovereignty.org\/fr\/wp-json\/wp\/v2\/posts\/5525\/revisions"}],"predecessor-version":[{"id":5526,"href":"https:\/\/www.foodsovereignty.org\/fr\/wp-json\/wp\/v2\/posts\/5525\/revisions\/5526"}],"wp:featuredmedia":[{"embeddable":true,"href":"https:\/\/www.foodsovereignty.org\/fr\/wp-json\/wp\/v2\/media\/5519"}],"wp:attachment":[{"href":"https:\/\/www.foodsovereignty.org\/fr\/wp-json\/wp\/v2\/media?parent=5525"}],"wp:term":[{"taxonomy":"category","embeddable":true,"href":"https:\/\/www.foodsovereignty.org\/fr\/wp-json\/wp\/v2\/categories?post=5525"},{"taxonomy":"post_tag","embeddable":true,"href":"https:\/\/www.foodsovereignty.org\/fr\/wp-json\/wp\/v2\/tags?post=5525"}],"curies":[{"name":"wp","href":"https:\/\/api.w.org\/{rel}","templated":true}]}}